{"id":14749,"date":"2018-04-14T19:58:16","date_gmt":"2018-04-14T17:58:16","guid":{"rendered":"http:\/\/www.speedtest.pl\/wiadomosci\/?p=14749"},"modified":"2018-04-14T19:58:16","modified_gmt":"2018-04-14T17:58:16","slug":"piekny-koncept-volkswagena-transportera-z-napedem-elektrycznym","status":"publish","type":"post","link":"https:\/\/www.speedtest.pl\/wiadomosci\/news\/piekny-koncept-volkswagena-transportera-z-napedem-elektrycznym\/","title":{"rendered":"Pi\u0119kny koncept Volkswagena Transportera z nap\u0119dem elektrycznym"},"content":{"rendered":"<p><strong>Klasyczna forma z nowoczesnym nap\u0119dem. Podczas tegorocznych targ\u00f3w Pozna\u0144 Motor Show Volkswagen zaprezentowa\u0142 koncepcyjn\u0105 wizj\u0119 modelu Transporter z silnikiem elektrycznym. I.D.BUZZ w takiej formie z ca\u0142\u0105 pewno\u015bci\u0105 nie trafi do salon\u00f3w, jednak fakt, i\u017c koncern pokaza\u0142 tego typu pojazd, sprawia, \u017ce mo\u017cemy przewidywa\u0107 rych\u0142e wprowadzenie na rynek aut dostawczych z nap\u0119dem elektrycznym.<\/strong><\/p>\n<p>Projekt I.D.BUZZ ma zachwyca\u0107 swoim designem i technologiami w nim si\u0119 znajduj\u0105cymi. Ju\u017c w 2025 roku na rynek wprowadzone zostan\u0105 pierwsze samochody wykorzystuj\u0105ce rozwi\u0105zania zastosowane w zaprezentowanym koncepcie.<\/p>\n<h2>Autonomiczny \u201eBulli\u201d z silnikiem elektrycznym<\/h2>\n<p>Na stoisku z I.D.BUZZ mo\u017cna by\u0142o pozna\u0107 jego mo\u017cliwo\u015bci. Projekt czerpie gar\u015bciami z klasycznego, kultowego ju\u017c \u201eog\u00f3rka\u201d, produkowanego od 1960 do 1967 roku. Ta ma\u0142a furgonetka bazuj\u0105ca na popularnym Garbusie o \u0142adowno\u015bci zalewie 700 kilogram\u00f3w zmotoryzowa\u0142a miliony kierowc\u00f3w na ca\u0142ym \u015bwiecie i dost\u0119pna by\u0142a w wersji dostawczej, pasa\u017cerskiej \u2013 mieszcz\u0105cej osiem os\u00f3b \u2013 oraz kempingowej. I.D.BUZZ mia\u0142by by\u0107 nowoczesn\u0105 wersj\u0105 transportera sprzed dziesi\u0119cioleci, wykorzystuj\u0105c\u0105 technologi\u0119 nap\u0119du elektrycznego oraz zaawansowanego autopilota. Jako ciekawostk\u0119 warto doda\u0107, \u017ce zamiast lusterek wstecznych zastosowano tutaj kamery, kt\u00f3rych podgl\u0105d wy\u015bwietlany jest w wysokiej rozdzielczo\u015bci na du\u017cym ekranie umiejscowionym w kabinie pojazdu.<\/p>\n<h2>Volkswagen chce by\u0107 liderem sprzeda\u017cy aut elektrycznych<\/h2>\n<p>\u0141ukasz Zadworny, dyrektor firmy Volkswagen w naszym kraju stwierdzi\u0142, \u017ce ju\u017c za kilka lat koncern mo\u017ce sprzedawa\u0107 najwi\u0119cej samochod\u00f3w elektrycznych. \u2013 My\u015bl\u0119, \u017ce Volkswagen ma du\u017ce szanse, by wygra\u0107 wy\u015bcig producent\u00f3w, buduj\u0105c tani\u0105 bateri\u0119 do samochod\u00f3w elektrycznych \u2013 m\u00f3wi Zadworny.<\/p>\n<h2>ID.BUZZ ju\u017c w 2025 roku<\/h2>\n<p>Projekt ID.BUZZ ma by\u0107 dost\u0119pny w sprzeda\u017cy ju\u017c za siedem lat. Z ca\u0142\u0105 pewno\u015bci\u0105 pojazd b\u0119dzie znacz\u0105co si\u0119 r\u00f3\u017cni\u0107 od zaprezentowanego teraz konceptu. Mo\u017cna jednak przypuszcza\u0107, \u017ce wykorzystane zostan\u0105 rozwi\u0105zania z ID.BUZZ, kt\u00f3rego zobaczyli\u015bmy podczas targ\u00f3w Pozna\u0144 Motor Show. Dyrektor generalny polskiego oddzia\u0142u Volkswagena zapewni\u0142, \u017ce b\u0119dzie on wyposa\u017cony w autopilota i ma by\u0107 atrakcyjn\u0105 konkurencj\u0105 dla aut spalinowych. \u2013 W 2025 roku samoch\u00f3d b\u0119dzie oferowany z mo\u017cliwo\u015bci\u0105 prowadzenia autonomicznego. Wiemy, \u017ce te auta powinny by\u0107 sprzedawane w cenach por\u00f3wnywalnych do samochod\u00f3w z silnikiem diesla \u2013 powiedzia\u0142 w rozmowie z dziennikarzem x-news \u0141ukasz Zadworny.<\/p>\n<p><iframe loading=\"lazy\" title=\"ID BUZZ - kultowy mikrobus od Volkswagena w ultranowoczesnej wersji w Poznaniu\" width=\"696\" height=\"392\" src=\"https:\/\/www.youtube.com\/embed\/sIkjvPLYSpI?feature=oembed\" frameborder=\"0\" allow=\"accelerometer; autoplay; clipboard-write; encrypted-media; gyroscope; picture-in-picture; web-share\" referrerpolicy=\"strict-origin-when-cross-origin\" allowfullscreen><\/iframe><\/p>\n<p>\u0179r\u00f3d\u0142o: <a href=\"https:\/\/x-news.pl\/\" rel=\"external nofollow\">X-News<\/a><\/p>\n","protected":false},"excerpt":{"rendered":"<p>Klasyczna forma z nowoczesnym nap\u0119dem. Podczas tegorocznych targ\u00f3w Pozna\u0144 Motor Show Volkswagen zaprezentowa\u0142 koncepcyjn\u0105 wizj\u0119 modelu Transporter z silnikiem elektrycznym. I.D.BUZZ w takiej formie z ca\u0142\u0105 pewno\u015bci\u0105 nie trafi do salon\u00f3w, jednak fakt, i\u017c koncern pokaza\u0142 tego typu pojazd, sprawia, \u017ce mo\u017cemy przewidywa\u0107 rych\u0142e wprowadzenie na rynek aut dostawczych z nap\u0119dem elektrycznym. Projekt I.D.BUZZ ma [&hellip;]<\/p>\n","protected":false},"author":14,"featured_media":14751,"comment_status":"closed","ping_status":"open","sticky":false,"template":"","format":"standard","meta":{"jetpack_post_was_ever_published":false,"_jetpack_newsletter_access":"","_jetpack_dont_email_post_to_subs":false,"_jetpack_newsletter_tier_id":0,"_jetpack_memberships_contains_paywalled_content":false,"_jetpack_memberships_contains_paid_content":false,"footnotes":"","jetpack_publicize_message":"Autonomiczny I.D.BUZZ jest naprawd\u0119 \u0142adny!","jetpack_publicize_feature_enabled":true,"jetpack_social_post_already_shared":true,"jetpack_social_options":{"image_generator_settings":{"template":"highway","enabled":false},"version":2}},"categories":[1940,6],"tags":[3187,3188,3185,3186,3114],"table_tags":[],"class_list":["post-14749","post","type-post","status-publish","format-standard","has-post-thumbnail","hentry","category-moto","category-news","tag-autonomiczny-transporter","tag-autonomiczny-volkswagen","tag-id-buzz","tag-transporter","tag-volkswagen"],"jetpack_publicize_connections":[],"yoast_head":"<!-- This site is optimized with the Yoast SEO plugin v24.8.1 - https:\/\/yoast.com\/wordpress\/plugins\/seo\/ -->\n<title>Pi\u0119kny koncept Volkswagena Transportera z nap\u0119dem elektrycznym - SpeedTest.pl Wiadomo\u015bci<\/title>\n<meta name=\"description\" content=\"Podczas tegorocznych targ\u00f3w Pozna\u0144 Motor Show Volkswagen zaprezentowa\u0142 koncepcyjn\u0105 wizj\u0119 modelu Transporter z silnikiem elektrycznym. Pojazd w takiej formie z ca\u0142\u0105 pewno\u015bci\u0105 nie trafi do salon\u00f3w.\" \/>\n<meta name=\"robots\" content=\"index, follow, max-snippet:-1, max-image-preview:large, max-video-preview:-1\" \/>\n<link rel=\"canonical\" href=\"https:\/\/www.speedtest.pl\/wiadomosci\/news\/piekny-koncept-volkswagena-transportera-z-napedem-elektrycznym\/\" \/>\n<meta property=\"og:locale\" content=\"pl_PL\" \/>\n<meta property=\"og:type\" content=\"article\" \/>\n<meta property=\"og:title\" content=\"Pi\u0119kny koncept Volkswagena Transportera z nap\u0119dem elektrycznym - SpeedTest.pl Wiadomo\u015bci\" \/>\n<meta property=\"og:description\" content=\"Podczas tegorocznych targ\u00f3w Pozna\u0144 Motor Show Volkswagen zaprezentowa\u0142 koncepcyjn\u0105 wizj\u0119 modelu Transporter z silnikiem elektrycznym. Pojazd w takiej formie z ca\u0142\u0105 pewno\u015bci\u0105 nie trafi do salon\u00f3w.\" \/>\n<meta property=\"og:url\" content=\"https:\/\/www.speedtest.pl\/wiadomosci\/news\/piekny-koncept-volkswagena-transportera-z-napedem-elektrycznym\/\" \/>\n<meta property=\"og:site_name\" content=\"SpeedTest.pl Wiadomo\u015bci\" \/>\n<meta property=\"article:publisher\" content=\"https:\/\/www.facebook.com\/speedtestpl\/\" \/>\n<meta property=\"article:published_time\" content=\"2018-04-14T17:58:16+00:00\" \/>\n<meta property=\"og:image\" content=\"https:\/\/www.speedtest.pl\/wiadomosci\/wp-content\/uploads\/2018\/04\/id-buzz-1024x576.jpg\" \/>\n\t<meta property=\"og:image:width\" content=\"1024\" \/>\n\t<meta property=\"og:image:height\" content=\"576\" \/>\n\t<meta property=\"og:image:type\" content=\"image\/jpeg\" \/>\n<meta name=\"author\" content=\"MK\" \/>\n<meta name=\"twitter:card\" content=\"summary_large_image\" \/>\n<meta name=\"twitter:creator\" content=\"@speedtestpl\" \/>\n<meta name=\"twitter:site\" content=\"@speedtestpl\" \/>\n<meta name=\"twitter:label1\" content=\"Napisane przez\" \/>\n\t<meta name=\"twitter:data1\" content=\"MK\" \/>\n\t<meta name=\"twitter:label2\" content=\"Szacowany czas czytania\" \/>\n\t<meta name=\"twitter:data2\" content=\"2 minuty\" \/>\n<script type=\"application\/ld+json\" class=\"yoast-schema-graph\">{\"@context\":\"https:\/\/schema.org\",\"@graph\":[{\"@type\":\"WebPage\",\"@id\":\"https:\/\/www.speedtest.pl\/wiadomosci\/news\/piekny-koncept-volkswagena-transportera-z-napedem-elektrycznym\/\",\"url\":\"https:\/\/www.speedtest.pl\/wiadomosci\/news\/piekny-koncept-volkswagena-transportera-z-napedem-elektrycznym\/\",\"name\":\"Pi\u0119kny koncept Volkswagena Transportera z nap\u0119dem elektrycznym - SpeedTest.pl Wiadomo\u015bci\",\"isPartOf\":{\"@id\":\"https:\/\/www.speedtest.pl\/wiadomosci\/#website\"},\"primaryImageOfPage\":{\"@id\":\"https:\/\/www.speedtest.pl\/wiadomosci\/news\/piekny-koncept-volkswagena-transportera-z-napedem-elektrycznym\/#primaryimage\"},\"image\":{\"@id\":\"https:\/\/www.speedtest.pl\/wiadomosci\/news\/piekny-koncept-volkswagena-transportera-z-napedem-elektrycznym\/#primaryimage\"},\"thumbnailUrl\":\"https:\/\/www.speedtest.pl\/wiadomosci\/wp-content\/uploads\/2018\/04\/id-buzz-1024x576.jpg\",\"datePublished\":\"2018-04-14T17:58:16+00:00\",\"author\":{\"@id\":\"https:\/\/www.speedtest.pl\/wiadomosci\/#\/schema\/person\/1426fa1c9302fa18bcb14ed53992cd1d\"},\"description\":\"Podczas tegorocznych targ\u00f3w Pozna\u0144 Motor Show Volkswagen zaprezentowa\u0142 koncepcyjn\u0105 wizj\u0119 modelu Transporter z silnikiem elektrycznym. Pojazd w takiej formie z ca\u0142\u0105 pewno\u015bci\u0105 nie trafi do salon\u00f3w.\",\"breadcrumb\":{\"@id\":\"https:\/\/www.speedtest.pl\/wiadomosci\/news\/piekny-koncept-volkswagena-transportera-z-napedem-elektrycznym\/#breadcrumb\"},\"inLanguage\":\"pl-PL\",\"potentialAction\":[{\"@type\":\"ReadAction\",\"target\":[\"https:\/\/www.speedtest.pl\/wiadomosci\/news\/piekny-koncept-volkswagena-transportera-z-napedem-elektrycznym\/\"]}]},{\"@type\":\"ImageObject\",\"inLanguage\":\"pl-PL\",\"@id\":\"https:\/\/www.speedtest.pl\/wiadomosci\/news\/piekny-koncept-volkswagena-transportera-z-napedem-elektrycznym\/#primaryimage\",\"url\":\"https:\/\/www.speedtest.pl\/wiadomosci\/wp-content\/uploads\/2018\/04\/id-buzz-1024x576.jpg\",\"contentUrl\":\"https:\/\/www.speedtest.pl\/wiadomosci\/wp-content\/uploads\/2018\/04\/id-buzz-1024x576.jpg\",\"width\":1024,\"height\":576,\"caption\":\"Volkswagen ID BUZZ\"},{\"@type\":\"BreadcrumbList\",\"@id\":\"https:\/\/www.speedtest.pl\/wiadomosci\/news\/piekny-koncept-volkswagena-transportera-z-napedem-elektrycznym\/#breadcrumb\",\"itemListElement\":[{\"@type\":\"ListItem\",\"position\":1,\"name\":\"Strona g\u0142\u00f3wna\",\"item\":\"https:\/\/www.speedtest.pl\/wiadomosci\/\"},{\"@type\":\"ListItem\",\"position\":2,\"name\":\"Pi\u0119kny koncept Volkswagena Transportera z nap\u0119dem elektrycznym\"}]},{\"@type\":\"WebSite\",\"@id\":\"https:\/\/www.speedtest.pl\/wiadomosci\/#website\",\"url\":\"https:\/\/www.speedtest.pl\/wiadomosci\/\",\"name\":\"SpeedTest.pl Wiadomo\u015bci\",\"description\":\"Rankingi ISP, newsy i opinie ze \u015bwiata IT, recenzje sprz\u0119tu, gry, motoryzacja\",\"potentialAction\":[{\"@type\":\"SearchAction\",\"target\":{\"@type\":\"EntryPoint\",\"urlTemplate\":\"https:\/\/www.speedtest.pl\/wiadomosci\/?s={search_term_string}\"},\"query-input\":{\"@type\":\"PropertyValueSpecification\",\"valueRequired\":true,\"valueName\":\"search_term_string\"}}],\"inLanguage\":\"pl-PL\"},{\"@type\":\"Person\",\"@id\":\"https:\/\/www.speedtest.pl\/wiadomosci\/#\/schema\/person\/1426fa1c9302fa18bcb14ed53992cd1d\",\"name\":\"MK\",\"image\":{\"@type\":\"ImageObject\",\"inLanguage\":\"pl-PL\",\"@id\":\"https:\/\/www.speedtest.pl\/wiadomosci\/#\/schema\/person\/image\/\",\"url\":\"https:\/\/secure.gravatar.com\/avatar\/75d5aaee5ed187f8794b75d17292e93f?s=96&d=mm&r=g\",\"contentUrl\":\"https:\/\/secure.gravatar.com\/avatar\/75d5aaee5ed187f8794b75d17292e93f?s=96&d=mm&r=g\",\"caption\":\"MK\"},\"url\":\"https:\/\/www.speedtest.pl\/wiadomosci\/author\/marcin\/\"}]}<\/script>\n<!-- \/ Yoast SEO plugin. -->","yoast_head_json":{"title":"Pi\u0119kny koncept Volkswagena Transportera z nap\u0119dem elektrycznym - SpeedTest.pl Wiadomo\u015bci","description":"Podczas tegorocznych targ\u00f3w Pozna\u0144 Motor Show Volkswagen zaprezentowa\u0142 koncepcyjn\u0105 wizj\u0119 modelu Transporter z silnikiem elektrycznym. Pojazd w takiej formie z ca\u0142\u0105 pewno\u015bci\u0105 nie trafi do salon\u00f3w.","robots":{"index":"index","follow":"follow","max-snippet":"max-snippet:-1","max-image-preview":"max-image-preview:large","max-video-preview":"max-video-preview:-1"},"canonical":"https:\/\/www.speedtest.pl\/wiadomosci\/news\/piekny-koncept-volkswagena-transportera-z-napedem-elektrycznym\/","og_locale":"pl_PL","og_type":"article","og_title":"Pi\u0119kny koncept Volkswagena Transportera z nap\u0119dem elektrycznym - SpeedTest.pl Wiadomo\u015bci","og_description":"Podczas tegorocznych targ\u00f3w Pozna\u0144 Motor Show Volkswagen zaprezentowa\u0142 koncepcyjn\u0105 wizj\u0119 modelu Transporter z silnikiem elektrycznym. Pojazd w takiej formie z ca\u0142\u0105 pewno\u015bci\u0105 nie trafi do salon\u00f3w.","og_url":"https:\/\/www.speedtest.pl\/wiadomosci\/news\/piekny-koncept-volkswagena-transportera-z-napedem-elektrycznym\/","og_site_name":"SpeedTest.pl Wiadomo\u015bci","article_publisher":"https:\/\/www.facebook.com\/speedtestpl\/","article_published_time":"2018-04-14T17:58:16+00:00","og_image":[{"width":1024,"height":576,"url":"https:\/\/www.speedtest.pl\/wiadomosci\/wp-content\/uploads\/2018\/04\/id-buzz-1024x576.jpg","type":"image\/jpeg"}],"author":"MK","twitter_card":"summary_large_image","twitter_creator":"@speedtestpl","twitter_site":"@speedtestpl","twitter_misc":{"Napisane przez":"MK","Szacowany czas czytania":"2 minuty"},"schema":{"@context":"https:\/\/schema.org","@graph":[{"@type":"WebPage","@id":"https:\/\/www.speedtest.pl\/wiadomosci\/news\/piekny-koncept-volkswagena-transportera-z-napedem-elektrycznym\/","url":"https:\/\/www.speedtest.pl\/wiadomosci\/news\/piekny-koncept-volkswagena-transportera-z-napedem-elektrycznym\/","name":"Pi\u0119kny koncept Volkswagena Transportera z nap\u0119dem elektrycznym - SpeedTest.pl Wiadomo\u015bci","isPartOf":{"@id":"https:\/\/www.speedtest.pl\/wiadomosci\/#website"},"primaryImageOfPage":{"@id":"https:\/\/www.speedtest.pl\/wiadomosci\/news\/piekny-koncept-volkswagena-transportera-z-napedem-elektrycznym\/#primaryimage"},"image":{"@id":"https:\/\/www.speedtest.pl\/wiadomosci\/news\/piekny-koncept-volkswagena-transportera-z-napedem-elektrycznym\/#primaryimage"},"thumbnailUrl":"https:\/\/www.speedtest.pl\/wiadomosci\/wp-content\/uploads\/2018\/04\/id-buzz-1024x576.jpg","datePublished":"2018-04-14T17:58:16+00:00","author":{"@id":"https:\/\/www.speedtest.pl\/wiadomosci\/#\/schema\/person\/1426fa1c9302fa18bcb14ed53992cd1d"},"description":"Podczas tegorocznych targ\u00f3w Pozna\u0144 Motor Show Volkswagen zaprezentowa\u0142 koncepcyjn\u0105 wizj\u0119 modelu Transporter z silnikiem elektrycznym. Pojazd w takiej formie z ca\u0142\u0105 pewno\u015bci\u0105 nie trafi do salon\u00f3w.","breadcrumb":{"@id":"https:\/\/www.speedtest.pl\/wiadomosci\/news\/piekny-koncept-volkswagena-transportera-z-napedem-elektrycznym\/#breadcrumb"},"inLanguage":"pl-PL","potentialAction":[{"@type":"ReadAction","target":["https:\/\/www.speedtest.pl\/wiadomosci\/news\/piekny-koncept-volkswagena-transportera-z-napedem-elektrycznym\/"]}]},{"@type":"ImageObject","inLanguage":"pl-PL","@id":"https:\/\/www.speedtest.pl\/wiadomosci\/news\/piekny-koncept-volkswagena-transportera-z-napedem-elektrycznym\/#primaryimage","url":"https:\/\/www.speedtest.pl\/wiadomosci\/wp-content\/uploads\/2018\/04\/id-buzz-1024x576.jpg","contentUrl":"https:\/\/www.speedtest.pl\/wiadomosci\/wp-content\/uploads\/2018\/04\/id-buzz-1024x576.jpg","width":1024,"height":576,"caption":"Volkswagen ID BUZZ"},{"@type":"BreadcrumbList","@id":"https:\/\/www.speedtest.pl\/wiadomosci\/news\/piekny-koncept-volkswagena-transportera-z-napedem-elektrycznym\/#breadcrumb","itemListElement":[{"@type":"ListItem","position":1,"name":"Strona g\u0142\u00f3wna","item":"https:\/\/www.speedtest.pl\/wiadomosci\/"},{"@type":"ListItem","position":2,"name":"Pi\u0119kny koncept Volkswagena Transportera z nap\u0119dem elektrycznym"}]},{"@type":"WebSite","@id":"https:\/\/www.speedtest.pl\/wiadomosci\/#website","url":"https:\/\/www.speedtest.pl\/wiadomosci\/","name":"SpeedTest.pl Wiadomo\u015bci","description":"Rankingi ISP, newsy i opinie ze \u015bwiata IT, recenzje sprz\u0119tu, gry, motoryzacja","potentialAction":[{"@type":"SearchAction","target":{"@type":"EntryPoint","urlTemplate":"https:\/\/www.speedtest.pl\/wiadomosci\/?s={search_term_string}"},"query-input":{"@type":"PropertyValueSpecification","valueRequired":true,"valueName":"search_term_string"}}],"inLanguage":"pl-PL"},{"@type":"Person","@id":"https:\/\/www.speedtest.pl\/wiadomosci\/#\/schema\/person\/1426fa1c9302fa18bcb14ed53992cd1d","name":"MK","image":{"@type":"ImageObject","inLanguage":"pl-PL","@id":"https:\/\/www.speedtest.pl\/wiadomosci\/#\/schema\/person\/image\/","url":"https:\/\/secure.gravatar.com\/avatar\/75d5aaee5ed187f8794b75d17292e93f?s=96&d=mm&r=g","contentUrl":"https:\/\/secure.gravatar.com\/avatar\/75d5aaee5ed187f8794b75d17292e93f?s=96&d=mm&r=g","caption":"MK"},"url":"https:\/\/www.speedtest.pl\/wiadomosci\/author\/marcin\/"}]}},"jetpack_featured_media_url":"https:\/\/www.speedtest.pl\/wiadomosci\/wp-content\/uploads\/2018\/04\/id-buzz-1024x576.jpg","jetpack_sharing_enabled":true,"jetpack_shortlink":"https:\/\/wp.me\/p85ce0-3PT","_links":{"self":[{"href":"https:\/\/www.speedtest.pl\/wiadomosci\/wp-json\/wp\/v2\/posts\/14749","targetHints":{"allow":["GET"]}}],"collection":[{"href":"https:\/\/www.speedtest.pl\/wiadomosci\/wp-json\/wp\/v2\/posts"}],"about":[{"href":"https:\/\/www.speedtest.pl\/wiadomosci\/wp-json\/wp\/v2\/types\/post"}],"author":[{"embeddable":true,"href":"https:\/\/www.speedtest.pl\/wiadomosci\/wp-json\/wp\/v2\/users\/14"}],"replies":[{"embeddable":true,"href":"https:\/\/www.speedtest.pl\/wiadomosci\/wp-json\/wp\/v2\/comments?post=14749"}],"version-history":[{"count":3,"href":"https:\/\/www.speedtest.pl\/wiadomosci\/wp-json\/wp\/v2\/posts\/14749\/revisions"}],"predecessor-version":[{"id":14755,"href":"https:\/\/www.speedtest.pl\/wiadomosci\/wp-json\/wp\/v2\/posts\/14749\/revisions\/14755"}],"wp:featuredmedia":[{"embeddable":true,"href":"https:\/\/www.speedtest.pl\/wiadomosci\/wp-json\/wp\/v2\/media\/14751"}],"wp:attachment":[{"href":"https:\/\/www.speedtest.pl\/wiadomosci\/wp-json\/wp\/v2\/media?parent=14749"}],"wp:term":[{"taxonomy":"category","embeddable":true,"href":"https:\/\/www.speedtest.pl\/wiadomosci\/wp-json\/wp\/v2\/categories?post=14749"},{"taxonomy":"post_tag","embeddable":true,"href":"https:\/\/www.speedtest.pl\/wiadomosci\/wp-json\/wp\/v2\/tags?post=14749"},{"taxonomy":"table_tags","embeddable":true,"href":"https:\/\/www.speedtest.pl\/wiadomosci\/wp-json\/wp\/v2\/table_tags?post=14749"}],"curies":[{"name":"wp","href":"https:\/\/api.w.org\/{rel}","templated":true}]}}