{"id":13098,"date":"2018-01-26T22:45:20","date_gmt":"2018-01-26T21:45:20","guid":{"rendered":"http:\/\/www.speedtest.pl\/wiadomosci\/?p=13098"},"modified":"2018-01-27T15:33:09","modified_gmt":"2018-01-27T14:33:09","slug":"samsung-galaxy-s9-prezentacja","status":"publish","type":"post","link":"https:\/\/www.speedtest.pl\/wiadomosci\/sprzet\/samsung-galaxy-s9-prezentacja\/","title":{"rendered":"Samsung zaprezentuje Galaxy S9 ju\u017c 25 lutego"},"content":{"rendered":"<p><strong>Samsung co roku prezentuje nowe modele swoich flagowc\u00f3w z serii Galaxy S. Wydarzenie to zawsze odbywa si\u0119 w okolicach targ\u00f3w MWC (Mobile World Congress) i zazwyczaj ma miejsce dzie\u0144 przed rozpocz\u0119ciem imprezy. Wzorzec ten powtarza si\u0119 od kilku lat, dlatego te\u017c wszyscy spodziewali\u015bmy si\u0119, \u017ce Samsung Galaxy S9 oraz S9 Plus zostan\u0105 pokazane \u015bwiatu 25 lutego. Data ta zosta\u0142a w\u0142a\u015bnie oficjalnie potwierdzona.<\/strong><\/p>\n<p>W \u015bwiecie nowych technologi nie mo\u017cemy by\u0107 niczego pewni. Producentom smartfon\u00f3w cz\u0119sto zdarzaj\u0105 si\u0119 nieplanowane op\u00f3\u017anienia. Rok temu Samsung musia\u0142 op\u00f3\u017ani\u0107 prezentacj\u0119 Galaxy S8, poniewa\u017c Korea\u0144czycy chcieli dopracowa\u0107 projekt smartfona pod k\u0105tem <a href=\"https:\/\/www.speedtest.pl\/wiadomosci\/sprzet\/bateria-zawinila-galaxy-note-7-oficjalny-raport-samsunga\/\">bezpiecze\u0144stwa baterii<\/a>. Jednak w tym roku wszystko idzie zgodnie z planem. Galaxy S9 zostanie przedstawiony \u015bwiatu przeddzie\u0144 targ\u00f3w MWC 2018. Samsung ju\u017c kilkukrotnie u\u017cy\u0142 tego zabiegu. Dzi\u0119ki temu wszystkie p\u00f3\u017aniej prezentowane flagowce s\u0105 por\u00f3wnywane z nowym Samsungiem Galaxy S, kt\u00f3ry uchodzi za wzorzec do na\u015bladowania dla pozosta\u0142ych smartfon\u00f3w z Androidem.<\/p>\n<blockquote class=\"twitter-tweet tw-align-center\" data-lang=\"pl\">\n<p dir=\"ltr\" lang=\"en\">From 02.25.2018. <a href=\"https:\/\/twitter.com\/hashtag\/Unpacked?src=hash&amp;ref_src=twsrc%5Etfw\" rel=\"external nofollow\">#Unpacked<\/a> will change how you experience everything. <a href=\"https:\/\/t.co\/llrGt0Q6gF\" rel=\"external nofollow\">pic.twitter.com\/llrGt0Q6gF<\/a><\/p>\n<p>\u2014 Samsung Mobile (@SamsungMobile) <a href=\"https:\/\/twitter.com\/SamsungMobile\/status\/956315735982157825?ref_src=twsrc%5Etfw\" rel=\"external nofollow\">25 stycznia 2018<\/a><\/p><\/blockquote>\n<p><script async src=\"https:\/\/platform.twitter.com\/widgets.js\" charset=\"utf-8\"><\/script><\/p>\n<h2>Czym b\u0119dzie wyr\u00f3\u017cnia\u0107 si\u0119 Galaxy S9?<\/h2>\n<p>Pierwszy materia\u0142 promocyjny jest bardzo tajemniczy. Jednak Samsung puszcza w nim oczko w stron\u0119 przeciek\u00f3w m\u00f3wi\u0105cych o nowym aparacie ze zmienn\u0105 przes\u0142on\u0105. Dlatego te\u017c jedno jest pewne. Jeden z dw\u00f3ch modeli, czyli Samsung Galaxy S9 lub Galaxy S9 Plus b\u0119dzie wyposa\u017cony w zupe\u0142nie nowy aparat. Wed\u0142ug przeciek\u00f3w, kt\u00f3re pojawi\u0142y si\u0119 do tej pory w sieci, tegoroczne flagowce Samsunga b\u0119d\u0105 bardzo podobne do swoich poprzednik\u00f3w. Je\u017celi chodzi o wy\u015bwietlacz, to jego przek\u0105tna oraz proporcje pozostaj\u0105 bez zmian. Zmniejsz\u0105 si\u0119 tylko ramki. Natomiast rewolucja (a raczej pewna ewolucja) b\u0119dzie mia\u0142a miejsce z ty\u0142u smartfona. Galaxy S9 b\u0119dzie posiada\u0107 pojedynczy aparat ze zmienn\u0105 przes\u0142on\u0105 (F\/1.5-F\/2.4), a jego wi\u0119kszy brat wyposa\u017cony zostanie w dwa obiektywy. Kolejn\u0105 nowo\u015bci\u0105 ma by\u0107 tryb nagrywania w zwolnionym tempie, kt\u00f3ry rejestruje 480 klatek na sekund\u0119 w jako\u015bci 1080p lub 960 klatek z rozdzielczo\u015bci\u0105 720p. Za nieca\u0142y miesi\u0105c b\u0119dziemy mogli sprawdzi\u0107, jaka jest dok\u0142adno\u015b\u0107 dotychczasowych przeciek\u00f3w.<\/p>\n<blockquote class=\"twitter-tweet tw-align-center\" data-lang=\"pl\">\n<p dir=\"ltr\" lang=\"en\">These are the Samsung Galaxy S9 and S9+ <a href=\"https:\/\/t.co\/deXGg39m0d\" rel=\"external nofollow\">https:\/\/t.co\/deXGg39m0d<\/a> <a href=\"https:\/\/t.co\/RNGezrF4Bs\" rel=\"external nofollow\">pic.twitter.com\/RNGezrF4Bs<\/a><\/p>\n<p>\u2014 Evan Blass (@evleaks) <a href=\"https:\/\/twitter.com\/evleaks\/status\/956906111189377025?ref_src=twsrc%5Etfw\" rel=\"external nofollow\">26 stycznia 2018<\/a><\/p><\/blockquote>\n<p><script async src=\"https:\/\/platform.twitter.com\/widgets.js\" charset=\"utf-8\"><\/script><\/p>\n<p>\u0179r\u00f3d\u0142o:\u00a0<a href=\"https:\/\/www.phonearena.com\/news\/Galaxy-S9-S9-invite-hint-super-slow-motion-video-bokeh-purple-color_id101942\" rel=\"external nofollow\">PhoneArena<\/a><\/p>\n","protected":false},"excerpt":{"rendered":"<p>Samsung co roku prezentuje nowe modele swoich flagowc\u00f3w z serii Galaxy S. Wydarzenie to zawsze odbywa si\u0119 w okolicach targ\u00f3w MWC (Mobile World Congress) i zazwyczaj ma miejsce dzie\u0144 przed rozpocz\u0119ciem imprezy. Wzorzec ten powtarza si\u0119 od kilku lat, dlatego te\u017c wszyscy spodziewali\u015bmy si\u0119, \u017ce Samsung Galaxy S9 oraz S9 Plus zostan\u0105 pokazane \u015bwiatu 25 [&hellip;]<\/p>\n","protected":false},"author":12,"featured_media":13125,"comment_status":"closed","ping_status":"open","sticky":false,"template":"","format":"standard","meta":{"jetpack_post_was_ever_published":false,"_jetpack_newsletter_access":"","_jetpack_dont_email_post_to_subs":false,"_jetpack_newsletter_tier_id":0,"_jetpack_memberships_contains_paywalled_content":false,"_jetpack_memberships_contains_paid_content":false,"footnotes":"","jetpack_publicize_message":"Ju\u017c nied\u0142ugo dowiemy si\u0119 wszystkiego o Samsungu #GalaxyS9","jetpack_publicize_feature_enabled":true,"jetpack_social_post_already_shared":true,"jetpack_social_options":{"image_generator_settings":{"template":"highway","enabled":false},"version":2}},"categories":[37],"tags":[34,240,2527,2859,2741,2767,237,400],"table_tags":[],"class_list":["post-13098","post","type-post","status-publish","format-standard","has-post-thumbnail","hentry","category-sprzet","tag-android","tag-galaxy","tag-galaxy-s9","tag-mwc-2018","tag-prezentacja","tag-s9","tag-samsung","tag-smartfony"],"jetpack_publicize_connections":[],"yoast_head":"<!-- This site is optimized with the Yoast SEO plugin v24.8.1 - https:\/\/yoast.com\/wordpress\/plugins\/seo\/ -->\n<title>Samsung zaprezentuje Galaxy S9 ju\u017c 25 lutego - SpeedTest.pl Wiadomo\u015bci<\/title>\n<meta name=\"robots\" content=\"index, follow, max-snippet:-1, max-image-preview:large, max-video-preview:-1\" \/>\n<link rel=\"canonical\" href=\"https:\/\/www.speedtest.pl\/wiadomosci\/sprzet\/samsung-galaxy-s9-prezentacja\/\" \/>\n<meta property=\"og:locale\" content=\"pl_PL\" \/>\n<meta property=\"og:type\" content=\"article\" \/>\n<meta property=\"og:title\" content=\"Samsung zaprezentuje Galaxy S9 ju\u017c 25 lutego - SpeedTest.pl Wiadomo\u015bci\" \/>\n<meta property=\"og:description\" content=\"Samsung co roku prezentuje nowe modele swoich flagowc\u00f3w z serii Galaxy S. Wydarzenie to zawsze odbywa si\u0119 w okolicach targ\u00f3w MWC (Mobile World Congress) i zazwyczaj ma miejsce dzie\u0144 przed rozpocz\u0119ciem imprezy. Wzorzec ten powtarza si\u0119 od kilku lat, dlatego te\u017c wszyscy spodziewali\u015bmy si\u0119, \u017ce Samsung Galaxy S9 oraz S9 Plus zostan\u0105 pokazane \u015bwiatu 25 [&hellip;]\" \/>\n<meta property=\"og:url\" content=\"https:\/\/www.speedtest.pl\/wiadomosci\/sprzet\/samsung-galaxy-s9-prezentacja\/\" \/>\n<meta property=\"og:site_name\" content=\"SpeedTest.pl Wiadomo\u015bci\" \/>\n<meta property=\"article:publisher\" content=\"https:\/\/www.facebook.com\/speedtestpl\/\" \/>\n<meta property=\"article:published_time\" content=\"2018-01-26T21:45:20+00:00\" \/>\n<meta property=\"article:modified_time\" content=\"2018-01-27T14:33:09+00:00\" \/>\n<meta property=\"og:image\" content=\"https:\/\/www.speedtest.pl\/wiadomosci\/wp-content\/uploads\/2018\/01\/Samsung-Galaxy-S9-1.jpg\" \/>\n\t<meta property=\"og:image:width\" content=\"1024\" \/>\n\t<meta property=\"og:image:height\" content=\"576\" \/>\n\t<meta property=\"og:image:type\" content=\"image\/jpeg\" \/>\n<meta name=\"author\" content=\"PJ\" \/>\n<meta name=\"twitter:card\" content=\"summary_large_image\" \/>\n<meta name=\"twitter:creator\" content=\"@speedtestpl\" \/>\n<meta name=\"twitter:site\" content=\"@speedtestpl\" \/>\n<meta name=\"twitter:label1\" content=\"Napisane przez\" \/>\n\t<meta name=\"twitter:data1\" content=\"PJ\" \/>\n\t<meta name=\"twitter:label2\" content=\"Szacowany czas czytania\" \/>\n\t<meta name=\"twitter:data2\" content=\"2 minuty\" \/>\n<script type=\"application\/ld+json\" class=\"yoast-schema-graph\">{\"@context\":\"https:\/\/schema.org\",\"@graph\":[{\"@type\":\"WebPage\",\"@id\":\"https:\/\/www.speedtest.pl\/wiadomosci\/sprzet\/samsung-galaxy-s9-prezentacja\/\",\"url\":\"https:\/\/www.speedtest.pl\/wiadomosci\/sprzet\/samsung-galaxy-s9-prezentacja\/\",\"name\":\"Samsung zaprezentuje Galaxy S9 ju\u017c 25 lutego - SpeedTest.pl Wiadomo\u015bci\",\"isPartOf\":{\"@id\":\"https:\/\/www.speedtest.pl\/wiadomosci\/#website\"},\"primaryImageOfPage\":{\"@id\":\"https:\/\/www.speedtest.pl\/wiadomosci\/sprzet\/samsung-galaxy-s9-prezentacja\/#primaryimage\"},\"image\":{\"@id\":\"https:\/\/www.speedtest.pl\/wiadomosci\/sprzet\/samsung-galaxy-s9-prezentacja\/#primaryimage\"},\"thumbnailUrl\":\"https:\/\/www.speedtest.pl\/wiadomosci\/wp-content\/uploads\/2018\/01\/Samsung-Galaxy-S9-1.jpg\",\"datePublished\":\"2018-01-26T21:45:20+00:00\",\"dateModified\":\"2018-01-27T14:33:09+00:00\",\"author\":{\"@id\":\"https:\/\/www.speedtest.pl\/wiadomosci\/#\/schema\/person\/1e51a1178096c8851f7d3ab0575726e4\"},\"breadcrumb\":{\"@id\":\"https:\/\/www.speedtest.pl\/wiadomosci\/sprzet\/samsung-galaxy-s9-prezentacja\/#breadcrumb\"},\"inLanguage\":\"pl-PL\",\"potentialAction\":[{\"@type\":\"ReadAction\",\"target\":[\"https:\/\/www.speedtest.pl\/wiadomosci\/sprzet\/samsung-galaxy-s9-prezentacja\/\"]}]},{\"@type\":\"ImageObject\",\"inLanguage\":\"pl-PL\",\"@id\":\"https:\/\/www.speedtest.pl\/wiadomosci\/sprzet\/samsung-galaxy-s9-prezentacja\/#primaryimage\",\"url\":\"https:\/\/www.speedtest.pl\/wiadomosci\/wp-content\/uploads\/2018\/01\/Samsung-Galaxy-S9-1.jpg\",\"contentUrl\":\"https:\/\/www.speedtest.pl\/wiadomosci\/wp-content\/uploads\/2018\/01\/Samsung-Galaxy-S9-1.jpg\",\"width\":1024,\"height\":576,\"caption\":\"Samsung Galaxy S9\"},{\"@type\":\"BreadcrumbList\",\"@id\":\"https:\/\/www.speedtest.pl\/wiadomosci\/sprzet\/samsung-galaxy-s9-prezentacja\/#breadcrumb\",\"itemListElement\":[{\"@type\":\"ListItem\",\"position\":1,\"name\":\"Strona g\u0142\u00f3wna\",\"item\":\"https:\/\/www.speedtest.pl\/wiadomosci\/\"},{\"@type\":\"ListItem\",\"position\":2,\"name\":\"Samsung zaprezentuje Galaxy S9 ju\u017c 25 lutego\"}]},{\"@type\":\"WebSite\",\"@id\":\"https:\/\/www.speedtest.pl\/wiadomosci\/#website\",\"url\":\"https:\/\/www.speedtest.pl\/wiadomosci\/\",\"name\":\"SpeedTest.pl Wiadomo\u015bci\",\"description\":\"Rankingi ISP, newsy i opinie ze \u015bwiata IT, recenzje sprz\u0119tu, gry, motoryzacja\",\"potentialAction\":[{\"@type\":\"SearchAction\",\"target\":{\"@type\":\"EntryPoint\",\"urlTemplate\":\"https:\/\/www.speedtest.pl\/wiadomosci\/?s={search_term_string}\"},\"query-input\":{\"@type\":\"PropertyValueSpecification\",\"valueRequired\":true,\"valueName\":\"search_term_string\"}}],\"inLanguage\":\"pl-PL\"},{\"@type\":\"Person\",\"@id\":\"https:\/\/www.speedtest.pl\/wiadomosci\/#\/schema\/person\/1e51a1178096c8851f7d3ab0575726e4\",\"name\":\"PJ\",\"image\":{\"@type\":\"ImageObject\",\"inLanguage\":\"pl-PL\",\"@id\":\"https:\/\/www.speedtest.pl\/wiadomosci\/#\/schema\/person\/image\/\",\"url\":\"https:\/\/www.speedtest.pl\/wiadomosci\/wp-content\/uploads\/2018\/01\/AAEAAQAAAAAAAAk2AAAAJDNhNWRlODdhLWY3MjYtNGFjNC04MzY1LTI1Zjc4NmI4YmE0OQ-150x150.jpg\",\"contentUrl\":\"https:\/\/www.speedtest.pl\/wiadomosci\/wp-content\/uploads\/2018\/01\/AAEAAQAAAAAAAAk2AAAAJDNhNWRlODdhLWY3MjYtNGFjNC04MzY1LTI1Zjc4NmI4YmE0OQ-150x150.jpg\",\"caption\":\"PJ\"},\"description\":\"Przemek jest m\u00f3zgiem operacyjnym SpeedTest.pl. Studiowa\u0142 na Politechnice Wroc\u0142awskiej elektronik\u0119 i telekomunikacj\u0119. Zarz\u0105dza projektami IT, relacjami z klientami oraz nadzoruje procesy rozwoju. Prywatnie zaanga\u017cowany w rodzin\u0119, wsparcie r\u00f3\u017cnych dzia\u0142alno\u015bci charytatywnych i projekty ekstremalne.\",\"url\":\"https:\/\/www.speedtest.pl\/wiadomosci\/author\/przemek\/\"}]}<\/script>\n<!-- \/ Yoast SEO plugin. -->","yoast_head_json":{"title":"Samsung zaprezentuje Galaxy S9 ju\u017c 25 lutego - SpeedTest.pl Wiadomo\u015bci","robots":{"index":"index","follow":"follow","max-snippet":"max-snippet:-1","max-image-preview":"max-image-preview:large","max-video-preview":"max-video-preview:-1"},"canonical":"https:\/\/www.speedtest.pl\/wiadomosci\/sprzet\/samsung-galaxy-s9-prezentacja\/","og_locale":"pl_PL","og_type":"article","og_title":"Samsung zaprezentuje Galaxy S9 ju\u017c 25 lutego - SpeedTest.pl Wiadomo\u015bci","og_description":"Samsung co roku prezentuje nowe modele swoich flagowc\u00f3w z serii Galaxy S. Wydarzenie to zawsze odbywa si\u0119 w okolicach targ\u00f3w MWC (Mobile World Congress) i zazwyczaj ma miejsce dzie\u0144 przed rozpocz\u0119ciem imprezy. Wzorzec ten powtarza si\u0119 od kilku lat, dlatego te\u017c wszyscy spodziewali\u015bmy si\u0119, \u017ce Samsung Galaxy S9 oraz S9 Plus zostan\u0105 pokazane \u015bwiatu 25 [&hellip;]","og_url":"https:\/\/www.speedtest.pl\/wiadomosci\/sprzet\/samsung-galaxy-s9-prezentacja\/","og_site_name":"SpeedTest.pl Wiadomo\u015bci","article_publisher":"https:\/\/www.facebook.com\/speedtestpl\/","article_published_time":"2018-01-26T21:45:20+00:00","article_modified_time":"2018-01-27T14:33:09+00:00","og_image":[{"width":1024,"height":576,"url":"https:\/\/www.speedtest.pl\/wiadomosci\/wp-content\/uploads\/2018\/01\/Samsung-Galaxy-S9-1.jpg","type":"image\/jpeg"}],"author":"PJ","twitter_card":"summary_large_image","twitter_creator":"@speedtestpl","twitter_site":"@speedtestpl","twitter_misc":{"Napisane przez":"PJ","Szacowany czas czytania":"2 minuty"},"schema":{"@context":"https:\/\/schema.org","@graph":[{"@type":"WebPage","@id":"https:\/\/www.speedtest.pl\/wiadomosci\/sprzet\/samsung-galaxy-s9-prezentacja\/","url":"https:\/\/www.speedtest.pl\/wiadomosci\/sprzet\/samsung-galaxy-s9-prezentacja\/","name":"Samsung zaprezentuje Galaxy S9 ju\u017c 25 lutego - SpeedTest.pl Wiadomo\u015bci","isPartOf":{"@id":"https:\/\/www.speedtest.pl\/wiadomosci\/#website"},"primaryImageOfPage":{"@id":"https:\/\/www.speedtest.pl\/wiadomosci\/sprzet\/samsung-galaxy-s9-prezentacja\/#primaryimage"},"image":{"@id":"https:\/\/www.speedtest.pl\/wiadomosci\/sprzet\/samsung-galaxy-s9-prezentacja\/#primaryimage"},"thumbnailUrl":"https:\/\/www.speedtest.pl\/wiadomosci\/wp-content\/uploads\/2018\/01\/Samsung-Galaxy-S9-1.jpg","datePublished":"2018-01-26T21:45:20+00:00","dateModified":"2018-01-27T14:33:09+00:00","author":{"@id":"https:\/\/www.speedtest.pl\/wiadomosci\/#\/schema\/person\/1e51a1178096c8851f7d3ab0575726e4"},"breadcrumb":{"@id":"https:\/\/www.speedtest.pl\/wiadomosci\/sprzet\/samsung-galaxy-s9-prezentacja\/#breadcrumb"},"inLanguage":"pl-PL","potentialAction":[{"@type":"ReadAction","target":["https:\/\/www.speedtest.pl\/wiadomosci\/sprzet\/samsung-galaxy-s9-prezentacja\/"]}]},{"@type":"ImageObject","inLanguage":"pl-PL","@id":"https:\/\/www.speedtest.pl\/wiadomosci\/sprzet\/samsung-galaxy-s9-prezentacja\/#primaryimage","url":"https:\/\/www.speedtest.pl\/wiadomosci\/wp-content\/uploads\/2018\/01\/Samsung-Galaxy-S9-1.jpg","contentUrl":"https:\/\/www.speedtest.pl\/wiadomosci\/wp-content\/uploads\/2018\/01\/Samsung-Galaxy-S9-1.jpg","width":1024,"height":576,"caption":"Samsung Galaxy S9"},{"@type":"BreadcrumbList","@id":"https:\/\/www.speedtest.pl\/wiadomosci\/sprzet\/samsung-galaxy-s9-prezentacja\/#breadcrumb","itemListElement":[{"@type":"ListItem","position":1,"name":"Strona g\u0142\u00f3wna","item":"https:\/\/www.speedtest.pl\/wiadomosci\/"},{"@type":"ListItem","position":2,"name":"Samsung zaprezentuje Galaxy S9 ju\u017c 25 lutego"}]},{"@type":"WebSite","@id":"https:\/\/www.speedtest.pl\/wiadomosci\/#website","url":"https:\/\/www.speedtest.pl\/wiadomosci\/","name":"SpeedTest.pl Wiadomo\u015bci","description":"Rankingi ISP, newsy i opinie ze \u015bwiata IT, recenzje sprz\u0119tu, gry, motoryzacja","potentialAction":[{"@type":"SearchAction","target":{"@type":"EntryPoint","urlTemplate":"https:\/\/www.speedtest.pl\/wiadomosci\/?s={search_term_string}"},"query-input":{"@type":"PropertyValueSpecification","valueRequired":true,"valueName":"search_term_string"}}],"inLanguage":"pl-PL"},{"@type":"Person","@id":"https:\/\/www.speedtest.pl\/wiadomosci\/#\/schema\/person\/1e51a1178096c8851f7d3ab0575726e4","name":"PJ","image":{"@type":"ImageObject","inLanguage":"pl-PL","@id":"https:\/\/www.speedtest.pl\/wiadomosci\/#\/schema\/person\/image\/","url":"https:\/\/www.speedtest.pl\/wiadomosci\/wp-content\/uploads\/2018\/01\/AAEAAQAAAAAAAAk2AAAAJDNhNWRlODdhLWY3MjYtNGFjNC04MzY1LTI1Zjc4NmI4YmE0OQ-150x150.jpg","contentUrl":"https:\/\/www.speedtest.pl\/wiadomosci\/wp-content\/uploads\/2018\/01\/AAEAAQAAAAAAAAk2AAAAJDNhNWRlODdhLWY3MjYtNGFjNC04MzY1LTI1Zjc4NmI4YmE0OQ-150x150.jpg","caption":"PJ"},"description":"Przemek jest m\u00f3zgiem operacyjnym SpeedTest.pl. Studiowa\u0142 na Politechnice Wroc\u0142awskiej elektronik\u0119 i telekomunikacj\u0119. Zarz\u0105dza projektami IT, relacjami z klientami oraz nadzoruje procesy rozwoju. Prywatnie zaanga\u017cowany w rodzin\u0119, wsparcie r\u00f3\u017cnych dzia\u0142alno\u015bci charytatywnych i projekty ekstremalne.","url":"https:\/\/www.speedtest.pl\/wiadomosci\/author\/przemek\/"}]}},"jetpack_featured_media_url":"https:\/\/www.speedtest.pl\/wiadomosci\/wp-content\/uploads\/2018\/01\/Samsung-Galaxy-S9-1.jpg","jetpack_sharing_enabled":true,"jetpack_shortlink":"https:\/\/wp.me\/p85ce0-3pg","_links":{"self":[{"href":"https:\/\/www.speedtest.pl\/wiadomosci\/wp-json\/wp\/v2\/posts\/13098","targetHints":{"allow":["GET"]}}],"collection":[{"href":"https:\/\/www.speedtest.pl\/wiadomosci\/wp-json\/wp\/v2\/posts"}],"about":[{"href":"https:\/\/www.speedtest.pl\/wiadomosci\/wp-json\/wp\/v2\/types\/post"}],"author":[{"embeddable":true,"href":"https:\/\/www.speedtest.pl\/wiadomosci\/wp-json\/wp\/v2\/users\/12"}],"replies":[{"embeddable":true,"href":"https:\/\/www.speedtest.pl\/wiadomosci\/wp-json\/wp\/v2\/comments?post=13098"}],"version-history":[{"count":7,"href":"https:\/\/www.speedtest.pl\/wiadomosci\/wp-json\/wp\/v2\/posts\/13098\/revisions"}],"predecessor-version":[{"id":13138,"href":"https:\/\/www.speedtest.pl\/wiadomosci\/wp-json\/wp\/v2\/posts\/13098\/revisions\/13138"}],"wp:featuredmedia":[{"embeddable":true,"href":"https:\/\/www.speedtest.pl\/wiadomosci\/wp-json\/wp\/v2\/media\/13125"}],"wp:attachment":[{"href":"https:\/\/www.speedtest.pl\/wiadomosci\/wp-json\/wp\/v2\/media?parent=13098"}],"wp:term":[{"taxonomy":"category","embeddable":true,"href":"https:\/\/www.speedtest.pl\/wiadomosci\/wp-json\/wp\/v2\/categories?post=13098"},{"taxonomy":"post_tag","embeddable":true,"href":"https:\/\/www.speedtest.pl\/wiadomosci\/wp-json\/wp\/v2\/tags?post=13098"},{"taxonomy":"table_tags","embeddable":true,"href":"https:\/\/www.speedtest.pl\/wiadomosci\/wp-json\/wp\/v2\/table_tags?post=13098"}],"curies":[{"name":"wp","href":"https:\/\/api.w.org\/{rel}","templated":true}]}}