{"id":13053,"date":"2018-01-22T16:44:13","date_gmt":"2018-01-22T15:44:13","guid":{"rendered":"http:\/\/www.speedtest.pl\/wiadomosci\/?p=13053"},"modified":"2018-01-22T17:20:58","modified_gmt":"2018-01-22T16:20:58","slug":"targi-mwc-2018-smartfony","status":"publish","type":"post","link":"https:\/\/www.speedtest.pl\/wiadomosci\/android\/targi-mwc-2018-smartfony\/","title":{"rendered":"Nowe smartfony, kt\u00f3re zobaczymy na targach MWC 2018"},"content":{"rendered":"<p><strong>Targi MWC (<em>Mobile World Congress<\/em>) s\u0105 najwa\u017cniejszym wydarzeniem roku dla \u015bwiata telekomunikacyjnego. To w\u0142a\u015bnie podczas nich swoje dokonania prezentuj\u0105 firmy telekomunikacyjne. Dlatego te\u017c mo\u017cemy si\u0119 spodziewa\u0107 wielu demonstracji zwi\u0105zanych z 5G. Natomiast przeci\u0119tnego konsumenta co roku do Barcelony przyci\u0105gaj\u0105 prezentacje nowych flagowc\u00f3w smartfon\u00f3w z Androidem. Targi b\u0119d\u0105 odbywa\u0107 si\u0119 w czasie od 26 lutego do 1 marca. Jednak ju\u017c teraz w sieci mo\u017cna znale\u017a\u0107 wiele przeciek\u00f3w, kt\u00f3re zdradzaj\u0105, co na nich zobaczymy.<\/strong><\/p>\n<h2>Samsung<\/h2>\n<p>Samsung zawsze cieszy si\u0119 du\u017cym zainteresowaniem podczas targ\u00f3w MWC. Nic nie zapowiada tego, \u017ceby w tym roku mia\u0142o by\u0107 inaczej. Ludzie ju\u017c nie mog\u0105 doczeka\u0107 si\u0119 prezentacji nowych flagowc\u00f3w Korea\u0144czyk\u00f3w, kt\u00f3rymi s\u0105 oczywi\u015bcie Galaxy S9 oraz Galaxy S9+. Wed\u0142ug dotychczasowych przeciek\u00f3w najwi\u0119ksz\u0105 zmian\u0105 w tegorocznych flagowcach Samsunga b\u0119dzie zastosowanie zupe\u0142nie nowego rodzaju aparatu. Jedn\u0105 z nowo\u015bci ma by\u0107 zmienna ogniskowa, a drug\u0105 tryb slow-motion nagrywaj\u0105cy 1000 klatek na sekund\u0119.<\/p>\n<p><img loading=\"lazy\" decoding=\"async\" class=\"aligncenter size-full wp-image-13063\" src=\"https:\/\/www.speedtest.pl\/wiadomosci\/wp-content\/uploads\/2018\/01\/Samsung-Galaxy-S9.jpg\" alt=\"Samsung Galaxy S9\" width=\"850\" height=\"480\" srcset=\"https:\/\/www.speedtest.pl\/wiadomosci\/wp-content\/uploads\/2018\/01\/Samsung-Galaxy-S9.jpg 850w, https:\/\/www.speedtest.pl\/wiadomosci\/wp-content\/uploads\/2018\/01\/Samsung-Galaxy-S9-300x169.jpg 300w, https:\/\/www.speedtest.pl\/wiadomosci\/wp-content\/uploads\/2018\/01\/Samsung-Galaxy-S9-768x434.jpg 768w, https:\/\/www.speedtest.pl\/wiadomosci\/wp-content\/uploads\/2018\/01\/Samsung-Galaxy-S9-696x393.jpg 696w, https:\/\/www.speedtest.pl\/wiadomosci\/wp-content\/uploads\/2018\/01\/Samsung-Galaxy-S9-744x420.jpg 744w\" sizes=\"auto, (max-width: 850px) 100vw, 850px\" \/><\/p>\n<h2>LG<\/h2>\n<p>Dotychczas my\u015bleli\u015bmy, \u017ce na tegorocznych targach MWC zobaczymy r\u00f3wnie\u017c LG G7. Jednak ostatnio m\u00f3wi si\u0119, \u017ce smartfon ten nie jest jeszcze gotowy, a LG nie zamierza przyspiesza\u0107 prac. Szef LG Electronics stwierdzi\u0142, \u017ce jego firma nie b\u0119dzie bra\u0142a udzia\u0142u w wy\u015bcigu flagowc\u00f3w i nowe modele b\u0119d\u0105 wydawane wtedy, kiedy b\u0119d\u0105 na to gotowe. Bez wzgl\u0119du na poczynania konkurent\u00f3w. Ostatnio pojawi\u0142y si\u0119 plotki, \u017ce zamiast LG G7 zobaczymy ulepszon\u0105 wersj\u0119 LG V30 z nowymi funkcjonalno\u015bciami z zakresu sztucznej inteligencji.<\/p>\n<h2>Sony<\/h2>\n<p>Rok temu na targach MWC 2017 zobaczyli\u015bmy flagowca Sony Xperia XZ Premium. W tym roku mo\u017ce zosta\u0107 zaprezentowany Sony Xperia XZ Pro, kt\u00f3ry ma by\u0107 pierwszym smartfonem tej firmy z podw\u00f3jnym aparatem oraz ekranem OLED o proporcjach 18:9. Jednak przecieki te nie pochodz\u0105 z \u017cadnych wiarygodnych \u017ar\u00f3de\u0142. Je\u017celi chodzi o pewniaki, to Sony jaki\u015b czas temu zapowiedzia\u0142o prezentacj\u0119 nowych bud\u017cetowych modeli.<\/p>\n<h2>Lenovo\/Moto<\/h2>\n<p>Ostatnio do sieci wyciek\u0142a informacja m\u00f3wi\u0105ca o a\u017c 7 nowych smartfonach Moto. Cz\u0119\u015b\u0107 z nich na pewno b\u0119dzie zademonstrowana na targach MWC 2018. Jednym z kandydat\u00f3w jest tutaj Moto G6, kt\u00f3ry najprawdopodobniej b\u0119dzie przys\u0142owiowym \u015bredniakiem. Je\u017celi chodzi o flagowce, to Moto Z3 oraz Moto Z3 Play maj\u0105 si\u0119 pokaza\u0107 na rynku w 2018 roku, jednak b\u0119dzie to najprawdopodobniej dopiero okres wakacyjny.<\/p>\n<p><img loading=\"lazy\" decoding=\"async\" class=\"aligncenter size-full wp-image-13062\" src=\"https:\/\/www.speedtest.pl\/wiadomosci\/wp-content\/uploads\/2018\/01\/Moto-G6.jpg\" alt=\"Moto G6\" width=\"980\" height=\"705\" srcset=\"https:\/\/www.speedtest.pl\/wiadomosci\/wp-content\/uploads\/2018\/01\/Moto-G6.jpg 980w, https:\/\/www.speedtest.pl\/wiadomosci\/wp-content\/uploads\/2018\/01\/Moto-G6-300x216.jpg 300w, https:\/\/www.speedtest.pl\/wiadomosci\/wp-content\/uploads\/2018\/01\/Moto-G6-768x552.jpg 768w, https:\/\/www.speedtest.pl\/wiadomosci\/wp-content\/uploads\/2018\/01\/Moto-G6-696x501.jpg 696w, https:\/\/www.speedtest.pl\/wiadomosci\/wp-content\/uploads\/2018\/01\/Moto-G6-584x420.jpg 584w\" sizes=\"auto, (max-width: 980px) 100vw, 980px\" \/><\/p>\n<h2>Huawei<\/h2>\n<p>Wszyscy spodziewaj\u0105 si\u0119, \u017ce na targach MWC 2018 zobaczymy modele Huawei P11 oraz P11 Pro. Mia\u0142yby by\u0107 one naturalnymi nast\u0119pcami zaprezentowanych na tych samych targach rok wcze\u015bniej modeli P10 oraz P10 Pro. Jednak niedawno pojawi\u0142y si\u0119 niepotwierdzone jeszcze przecieki nt. flagowc\u00f3w Huawei P20 oraz Huawei P20 Plus z 3 kamerami umieszczonymi z ty\u0142u obudowy.<\/p>\n<p><img loading=\"lazy\" decoding=\"async\" class=\"aligncenter size-full wp-image-13061\" src=\"https:\/\/www.speedtest.pl\/wiadomosci\/wp-content\/uploads\/2018\/01\/Huawei-P20.jpg\" alt=\"Huawei P20\" width=\"800\" height=\"513\" srcset=\"https:\/\/www.speedtest.pl\/wiadomosci\/wp-content\/uploads\/2018\/01\/Huawei-P20.jpg 800w, https:\/\/www.speedtest.pl\/wiadomosci\/wp-content\/uploads\/2018\/01\/Huawei-P20-300x192.jpg 300w, https:\/\/www.speedtest.pl\/wiadomosci\/wp-content\/uploads\/2018\/01\/Huawei-P20-768x492.jpg 768w, https:\/\/www.speedtest.pl\/wiadomosci\/wp-content\/uploads\/2018\/01\/Huawei-P20-696x446.jpg 696w, https:\/\/www.speedtest.pl\/wiadomosci\/wp-content\/uploads\/2018\/01\/Huawei-P20-655x420.jpg 655w\" sizes=\"auto, (max-width: 800px) 100vw, 800px\" \/><\/p>\n<h2>Nokia\/HMD Global<\/h2>\n<p>Finowie kuj\u0105 \u017celazo, p\u00f3ki jest ono gor\u0105ce. W\u015br\u00f3d wyczekiwanych smartfon\u00f3w znajduj\u0105 si\u0119 m.in. flagowiec Nokia 9 oraz niskobud\u017cetowa Nokia 1. Kolejn\u0105 nowo\u015bci\u0105 jest zapowiedziana ju\u017c Nokia 3310 z obs\u0142ug\u0105 sieci 4G LTE.<\/p>\n<div class=\"twitter-tweet\">\n<blockquote class=\"twitter-tweet\" data-lang=\"pl\">\n<p lang=\"en\" dir=\"ltr\">Sorry for radio silence. Been super busy planning <a href=\"https:\/\/twitter.com\/hashtag\/MWC2018?src=hash&amp;ref_src=twsrc%5Etfw\" rel=\"external nofollow\">#MWC2018<\/a> . Please expect it to be awesome ?<\/p>\n<p>&mdash; Juho Sarvikas (@sarvikas) <a href=\"https:\/\/twitter.com\/sarvikas\/status\/953854386240937984?ref_src=twsrc%5Etfw\" rel=\"external nofollow\">18 stycznia 2018<\/a><\/p><\/blockquote>\n<\/div>\n<h2>HTC<\/h2>\n<p>Model HTC U11+ opu\u015bci\u0142 niedawno lini\u0119 produkcyjn\u0105. Dlatego te\u017c ma\u0142o prawdopodobne jest, \u017ceby HTC zaprezentowa\u0142o w Barcelonie jakiego\u015b nowego smartfona. Zw\u0142aszcza \u017ce na li\u015bcie wystawc\u00f3w, HTC znajduje si\u0119 razem z Vivo, kt\u00f3re na pewno b\u0119dzie chcia\u0142o jeszcze raz pochwali\u0107 si\u0119 swoim smartfonem z czytnikiem linii papilarnych zintegrowanym z ekranem OLED.<\/p>\n<h2>Xiaomi<\/h2>\n<p>Niedawno zosta\u0142o potwierdzone, \u017ce Chi\u0144ski gigant zago\u015bci na targach MWC 2018. Jednak\u017ce nie wiadomo, co ma zamiar zaprezentowa\u0107. Wiadomo tylko, \u017ce Xiaomi pracuje nad flagowcem Mi 7 oraz modelem ze \u015bredniej p\u00f3\u0142ki, kt\u00f3rym jest Mi Max 3.<\/p>\n<p><img loading=\"lazy\" decoding=\"async\" class=\"aligncenter size-full wp-image-13060\" src=\"https:\/\/www.speedtest.pl\/wiadomosci\/wp-content\/uploads\/2018\/01\/max3.jpg\" alt=\"Xiaomi Mi Max 3\" width=\"600\" height=\"445\" srcset=\"https:\/\/www.speedtest.pl\/wiadomosci\/wp-content\/uploads\/2018\/01\/max3.jpg 600w, https:\/\/www.speedtest.pl\/wiadomosci\/wp-content\/uploads\/2018\/01\/max3-300x223.jpg 300w, https:\/\/www.speedtest.pl\/wiadomosci\/wp-content\/uploads\/2018\/01\/max3-80x60.jpg 80w, https:\/\/www.speedtest.pl\/wiadomosci\/wp-content\/uploads\/2018\/01\/max3-265x198.jpg 265w, https:\/\/www.speedtest.pl\/wiadomosci\/wp-content\/uploads\/2018\/01\/max3-566x420.jpg 566w\" sizes=\"auto, (max-width: 600px) 100vw, 600px\" \/><\/p>\n<h2>Alcatel\/BlackBerry<\/h2>\n<p>Podczas tegorocznych targ\u00f3w CES Alcatel zapowiedzia\u0142 zmian\u0119 nazewnictwa swoich smartfon\u00f3w. By\u0107 mo\u017ce podczas MWC 2018 zostanie pokazany Alcatel 3C, ale nie jest to nic pewnego. Natomiast w przypadku BlackBerry nie ma co si\u0119 spodziewa\u0107 prezentacji nast\u0119pcy BlackBerry KEYone. Jednak fani marki licz\u0105 na to, \u017ce Kanadyjczycy poka\u017c\u0105 w Barcelonie co\u015b ciekawego.<\/p>\n<h2>Asus<\/h2>\n<p>W przesz\u0142o\u015bci, Asus kilkukrotnie zapowiada\u0142 na targach MWC nowe smartfony. Jednak w sieci nie pojawi\u0142y si\u0119 jeszcze \u017cadnego przecieki na temat MWC 2018. Asus ZenFone 4 pojawi\u0142 si\u0119 na rynku w drugiej po\u0142owie zesz\u0142ego roku, wi\u0119c na prezentacj\u0119 ZenFone 5 jest jeszcze za wcze\u015bnie. Jednak co\u015b nowego zostanie pokazane, poniewa\u017c Asus widnieje na li\u015bcie wystawc\u00f3w.<\/p>\n","protected":false},"excerpt":{"rendered":"<p>Targi MWC (Mobile World Congress) s\u0105 najwa\u017cniejszym wydarzeniem roku dla \u015bwiata telekomunikacyjnego. To w\u0142a\u015bnie podczas nich swoje dokonania prezentuj\u0105 firmy telekomunikacyjne. Dlatego te\u017c mo\u017cemy si\u0119 spodziewa\u0107 wielu demonstracji zwi\u0105zanych z 5G. Natomiast przeci\u0119tnego konsumenta co roku do Barcelony przyci\u0105gaj\u0105 prezentacje nowych flagowc\u00f3w smartfon\u00f3w z Androidem. Targi b\u0119d\u0105 odbywa\u0107 si\u0119 w czasie od 26 lutego do [&hellip;]<\/p>\n","protected":false},"author":12,"featured_media":13064,"comment_status":"closed","ping_status":"open","sticky":false,"template":"","format":"standard","meta":{"jetpack_post_was_ever_published":false,"_jetpack_newsletter_access":"","_jetpack_dont_email_post_to_subs":false,"_jetpack_newsletter_tier_id":0,"_jetpack_memberships_contains_paywalled_content":false,"_jetpack_memberships_contains_paid_content":false,"footnotes":"","jetpack_publicize_message":"Sprawd\u017a, co wiadomo o smartfonach, kt\u00f3re zostan\u0105 pokazane na targach #MWC2018","jetpack_publicize_feature_enabled":true,"jetpack_social_post_already_shared":true,"jetpack_social_options":{"image_generator_settings":{"template":"highway","enabled":false},"version":2}},"categories":[331,37],"tags":[34,241,2858,2048,2859,197,237,173,2860,943],"table_tags":[],"class_list":["post-13053","post","type-post","status-publish","format-standard","has-post-thumbnail","hentry","category-android","category-sprzet","tag-android","tag-lg","tag-mobile-world-congress","tag-mwc","tag-mwc-2018","tag-nokia","tag-samsung","tag-smartfon","tag-targi","tag-xiaomi"],"jetpack_publicize_connections":[],"yoast_head":"<!-- This site is optimized with the Yoast SEO plugin v24.8.1 - https:\/\/yoast.com\/wordpress\/plugins\/seo\/ -->\n<title>Nowe smartfony, kt\u00f3re zobaczymy na targach MWC 2018 - SpeedTest.pl Wiadomo\u015bci<\/title>\n<meta name=\"robots\" content=\"index, follow, max-snippet:-1, max-image-preview:large, max-video-preview:-1\" \/>\n<link rel=\"canonical\" href=\"https:\/\/www.speedtest.pl\/wiadomosci\/android\/targi-mwc-2018-smartfony\/\" \/>\n<meta property=\"og:locale\" content=\"pl_PL\" \/>\n<meta property=\"og:type\" content=\"article\" \/>\n<meta property=\"og:title\" content=\"Nowe smartfony, kt\u00f3re zobaczymy na targach MWC 2018 - SpeedTest.pl Wiadomo\u015bci\" \/>\n<meta property=\"og:description\" content=\"Targi MWC (Mobile World Congress) s\u0105 najwa\u017cniejszym wydarzeniem roku dla \u015bwiata telekomunikacyjnego. To w\u0142a\u015bnie podczas nich swoje dokonania prezentuj\u0105 firmy telekomunikacyjne. Dlatego te\u017c mo\u017cemy si\u0119 spodziewa\u0107 wielu demonstracji zwi\u0105zanych z 5G. Natomiast przeci\u0119tnego konsumenta co roku do Barcelony przyci\u0105gaj\u0105 prezentacje nowych flagowc\u00f3w smartfon\u00f3w z Androidem. Targi b\u0119d\u0105 odbywa\u0107 si\u0119 w czasie od 26 lutego do [&hellip;]\" \/>\n<meta property=\"og:url\" content=\"https:\/\/www.speedtest.pl\/wiadomosci\/android\/targi-mwc-2018-smartfony\/\" \/>\n<meta property=\"og:site_name\" content=\"SpeedTest.pl Wiadomo\u015bci\" \/>\n<meta property=\"article:publisher\" content=\"https:\/\/www.facebook.com\/speedtestpl\/\" \/>\n<meta property=\"article:published_time\" content=\"2018-01-22T15:44:13+00:00\" \/>\n<meta property=\"article:modified_time\" content=\"2018-01-22T16:20:58+00:00\" \/>\n<meta property=\"og:image\" content=\"https:\/\/www.speedtest.pl\/wiadomosci\/wp-content\/uploads\/2018\/01\/mwc-2018-1.jpg\" \/>\n\t<meta property=\"og:image:width\" content=\"1024\" \/>\n\t<meta property=\"og:image:height\" content=\"576\" \/>\n\t<meta property=\"og:image:type\" content=\"image\/jpeg\" \/>\n<meta name=\"author\" content=\"PJ\" \/>\n<meta name=\"twitter:card\" content=\"summary_large_image\" \/>\n<meta name=\"twitter:creator\" content=\"@speedtestpl\" \/>\n<meta name=\"twitter:site\" content=\"@speedtestpl\" \/>\n<meta name=\"twitter:label1\" content=\"Napisane przez\" \/>\n\t<meta name=\"twitter:data1\" content=\"PJ\" \/>\n\t<meta name=\"twitter:label2\" content=\"Szacowany czas czytania\" \/>\n\t<meta name=\"twitter:data2\" content=\"4 minuty\" \/>\n<script type=\"application\/ld+json\" class=\"yoast-schema-graph\">{\"@context\":\"https:\/\/schema.org\",\"@graph\":[{\"@type\":\"WebPage\",\"@id\":\"https:\/\/www.speedtest.pl\/wiadomosci\/android\/targi-mwc-2018-smartfony\/\",\"url\":\"https:\/\/www.speedtest.pl\/wiadomosci\/android\/targi-mwc-2018-smartfony\/\",\"name\":\"Nowe smartfony, kt\u00f3re zobaczymy na targach MWC 2018 - SpeedTest.pl Wiadomo\u015bci\",\"isPartOf\":{\"@id\":\"https:\/\/www.speedtest.pl\/wiadomosci\/#website\"},\"primaryImageOfPage\":{\"@id\":\"https:\/\/www.speedtest.pl\/wiadomosci\/android\/targi-mwc-2018-smartfony\/#primaryimage\"},\"image\":{\"@id\":\"https:\/\/www.speedtest.pl\/wiadomosci\/android\/targi-mwc-2018-smartfony\/#primaryimage\"},\"thumbnailUrl\":\"https:\/\/www.speedtest.pl\/wiadomosci\/wp-content\/uploads\/2018\/01\/mwc-2018-1.jpg\",\"datePublished\":\"2018-01-22T15:44:13+00:00\",\"dateModified\":\"2018-01-22T16:20:58+00:00\",\"author\":{\"@id\":\"https:\/\/www.speedtest.pl\/wiadomosci\/#\/schema\/person\/1e51a1178096c8851f7d3ab0575726e4\"},\"breadcrumb\":{\"@id\":\"https:\/\/www.speedtest.pl\/wiadomosci\/android\/targi-mwc-2018-smartfony\/#breadcrumb\"},\"inLanguage\":\"pl-PL\",\"potentialAction\":[{\"@type\":\"ReadAction\",\"target\":[\"https:\/\/www.speedtest.pl\/wiadomosci\/android\/targi-mwc-2018-smartfony\/\"]}]},{\"@type\":\"ImageObject\",\"inLanguage\":\"pl-PL\",\"@id\":\"https:\/\/www.speedtest.pl\/wiadomosci\/android\/targi-mwc-2018-smartfony\/#primaryimage\",\"url\":\"https:\/\/www.speedtest.pl\/wiadomosci\/wp-content\/uploads\/2018\/01\/mwc-2018-1.jpg\",\"contentUrl\":\"https:\/\/www.speedtest.pl\/wiadomosci\/wp-content\/uploads\/2018\/01\/mwc-2018-1.jpg\",\"width\":1024,\"height\":576,\"caption\":\"MWC 2018\"},{\"@type\":\"BreadcrumbList\",\"@id\":\"https:\/\/www.speedtest.pl\/wiadomosci\/android\/targi-mwc-2018-smartfony\/#breadcrumb\",\"itemListElement\":[{\"@type\":\"ListItem\",\"position\":1,\"name\":\"Strona g\u0142\u00f3wna\",\"item\":\"https:\/\/www.speedtest.pl\/wiadomosci\/\"},{\"@type\":\"ListItem\",\"position\":2,\"name\":\"Nowe smartfony, kt\u00f3re zobaczymy na targach MWC 2018\"}]},{\"@type\":\"WebSite\",\"@id\":\"https:\/\/www.speedtest.pl\/wiadomosci\/#website\",\"url\":\"https:\/\/www.speedtest.pl\/wiadomosci\/\",\"name\":\"SpeedTest.pl Wiadomo\u015bci\",\"description\":\"Rankingi ISP, newsy i opinie ze \u015bwiata IT, recenzje sprz\u0119tu, gry, motoryzacja\",\"potentialAction\":[{\"@type\":\"SearchAction\",\"target\":{\"@type\":\"EntryPoint\",\"urlTemplate\":\"https:\/\/www.speedtest.pl\/wiadomosci\/?s={search_term_string}\"},\"query-input\":{\"@type\":\"PropertyValueSpecification\",\"valueRequired\":true,\"valueName\":\"search_term_string\"}}],\"inLanguage\":\"pl-PL\"},{\"@type\":\"Person\",\"@id\":\"https:\/\/www.speedtest.pl\/wiadomosci\/#\/schema\/person\/1e51a1178096c8851f7d3ab0575726e4\",\"name\":\"PJ\",\"image\":{\"@type\":\"ImageObject\",\"inLanguage\":\"pl-PL\",\"@id\":\"https:\/\/www.speedtest.pl\/wiadomosci\/#\/schema\/person\/image\/\",\"url\":\"https:\/\/www.speedtest.pl\/wiadomosci\/wp-content\/uploads\/2018\/01\/AAEAAQAAAAAAAAk2AAAAJDNhNWRlODdhLWY3MjYtNGFjNC04MzY1LTI1Zjc4NmI4YmE0OQ-150x150.jpg\",\"contentUrl\":\"https:\/\/www.speedtest.pl\/wiadomosci\/wp-content\/uploads\/2018\/01\/AAEAAQAAAAAAAAk2AAAAJDNhNWRlODdhLWY3MjYtNGFjNC04MzY1LTI1Zjc4NmI4YmE0OQ-150x150.jpg\",\"caption\":\"PJ\"},\"description\":\"Przemek jest m\u00f3zgiem operacyjnym SpeedTest.pl. Studiowa\u0142 na Politechnice Wroc\u0142awskiej elektronik\u0119 i telekomunikacj\u0119. Zarz\u0105dza projektami IT, relacjami z klientami oraz nadzoruje procesy rozwoju. Prywatnie zaanga\u017cowany w rodzin\u0119, wsparcie r\u00f3\u017cnych dzia\u0142alno\u015bci charytatywnych i projekty ekstremalne.\",\"url\":\"https:\/\/www.speedtest.pl\/wiadomosci\/author\/przemek\/\"}]}<\/script>\n<!-- \/ Yoast SEO plugin. -->","yoast_head_json":{"title":"Nowe smartfony, kt\u00f3re zobaczymy na targach MWC 2018 - SpeedTest.pl Wiadomo\u015bci","robots":{"index":"index","follow":"follow","max-snippet":"max-snippet:-1","max-image-preview":"max-image-preview:large","max-video-preview":"max-video-preview:-1"},"canonical":"https:\/\/www.speedtest.pl\/wiadomosci\/android\/targi-mwc-2018-smartfony\/","og_locale":"pl_PL","og_type":"article","og_title":"Nowe smartfony, kt\u00f3re zobaczymy na targach MWC 2018 - SpeedTest.pl Wiadomo\u015bci","og_description":"Targi MWC (Mobile World Congress) s\u0105 najwa\u017cniejszym wydarzeniem roku dla \u015bwiata telekomunikacyjnego. To w\u0142a\u015bnie podczas nich swoje dokonania prezentuj\u0105 firmy telekomunikacyjne. Dlatego te\u017c mo\u017cemy si\u0119 spodziewa\u0107 wielu demonstracji zwi\u0105zanych z 5G. Natomiast przeci\u0119tnego konsumenta co roku do Barcelony przyci\u0105gaj\u0105 prezentacje nowych flagowc\u00f3w smartfon\u00f3w z Androidem. Targi b\u0119d\u0105 odbywa\u0107 si\u0119 w czasie od 26 lutego do [&hellip;]","og_url":"https:\/\/www.speedtest.pl\/wiadomosci\/android\/targi-mwc-2018-smartfony\/","og_site_name":"SpeedTest.pl Wiadomo\u015bci","article_publisher":"https:\/\/www.facebook.com\/speedtestpl\/","article_published_time":"2018-01-22T15:44:13+00:00","article_modified_time":"2018-01-22T16:20:58+00:00","og_image":[{"width":1024,"height":576,"url":"https:\/\/www.speedtest.pl\/wiadomosci\/wp-content\/uploads\/2018\/01\/mwc-2018-1.jpg","type":"image\/jpeg"}],"author":"PJ","twitter_card":"summary_large_image","twitter_creator":"@speedtestpl","twitter_site":"@speedtestpl","twitter_misc":{"Napisane przez":"PJ","Szacowany czas czytania":"4 minuty"},"schema":{"@context":"https:\/\/schema.org","@graph":[{"@type":"WebPage","@id":"https:\/\/www.speedtest.pl\/wiadomosci\/android\/targi-mwc-2018-smartfony\/","url":"https:\/\/www.speedtest.pl\/wiadomosci\/android\/targi-mwc-2018-smartfony\/","name":"Nowe smartfony, kt\u00f3re zobaczymy na targach MWC 2018 - SpeedTest.pl Wiadomo\u015bci","isPartOf":{"@id":"https:\/\/www.speedtest.pl\/wiadomosci\/#website"},"primaryImageOfPage":{"@id":"https:\/\/www.speedtest.pl\/wiadomosci\/android\/targi-mwc-2018-smartfony\/#primaryimage"},"image":{"@id":"https:\/\/www.speedtest.pl\/wiadomosci\/android\/targi-mwc-2018-smartfony\/#primaryimage"},"thumbnailUrl":"https:\/\/www.speedtest.pl\/wiadomosci\/wp-content\/uploads\/2018\/01\/mwc-2018-1.jpg","datePublished":"2018-01-22T15:44:13+00:00","dateModified":"2018-01-22T16:20:58+00:00","author":{"@id":"https:\/\/www.speedtest.pl\/wiadomosci\/#\/schema\/person\/1e51a1178096c8851f7d3ab0575726e4"},"breadcrumb":{"@id":"https:\/\/www.speedtest.pl\/wiadomosci\/android\/targi-mwc-2018-smartfony\/#breadcrumb"},"inLanguage":"pl-PL","potentialAction":[{"@type":"ReadAction","target":["https:\/\/www.speedtest.pl\/wiadomosci\/android\/targi-mwc-2018-smartfony\/"]}]},{"@type":"ImageObject","inLanguage":"pl-PL","@id":"https:\/\/www.speedtest.pl\/wiadomosci\/android\/targi-mwc-2018-smartfony\/#primaryimage","url":"https:\/\/www.speedtest.pl\/wiadomosci\/wp-content\/uploads\/2018\/01\/mwc-2018-1.jpg","contentUrl":"https:\/\/www.speedtest.pl\/wiadomosci\/wp-content\/uploads\/2018\/01\/mwc-2018-1.jpg","width":1024,"height":576,"caption":"MWC 2018"},{"@type":"BreadcrumbList","@id":"https:\/\/www.speedtest.pl\/wiadomosci\/android\/targi-mwc-2018-smartfony\/#breadcrumb","itemListElement":[{"@type":"ListItem","position":1,"name":"Strona g\u0142\u00f3wna","item":"https:\/\/www.speedtest.pl\/wiadomosci\/"},{"@type":"ListItem","position":2,"name":"Nowe smartfony, kt\u00f3re zobaczymy na targach MWC 2018"}]},{"@type":"WebSite","@id":"https:\/\/www.speedtest.pl\/wiadomosci\/#website","url":"https:\/\/www.speedtest.pl\/wiadomosci\/","name":"SpeedTest.pl Wiadomo\u015bci","description":"Rankingi ISP, newsy i opinie ze \u015bwiata IT, recenzje sprz\u0119tu, gry, motoryzacja","potentialAction":[{"@type":"SearchAction","target":{"@type":"EntryPoint","urlTemplate":"https:\/\/www.speedtest.pl\/wiadomosci\/?s={search_term_string}"},"query-input":{"@type":"PropertyValueSpecification","valueRequired":true,"valueName":"search_term_string"}}],"inLanguage":"pl-PL"},{"@type":"Person","@id":"https:\/\/www.speedtest.pl\/wiadomosci\/#\/schema\/person\/1e51a1178096c8851f7d3ab0575726e4","name":"PJ","image":{"@type":"ImageObject","inLanguage":"pl-PL","@id":"https:\/\/www.speedtest.pl\/wiadomosci\/#\/schema\/person\/image\/","url":"https:\/\/www.speedtest.pl\/wiadomosci\/wp-content\/uploads\/2018\/01\/AAEAAQAAAAAAAAk2AAAAJDNhNWRlODdhLWY3MjYtNGFjNC04MzY1LTI1Zjc4NmI4YmE0OQ-150x150.jpg","contentUrl":"https:\/\/www.speedtest.pl\/wiadomosci\/wp-content\/uploads\/2018\/01\/AAEAAQAAAAAAAAk2AAAAJDNhNWRlODdhLWY3MjYtNGFjNC04MzY1LTI1Zjc4NmI4YmE0OQ-150x150.jpg","caption":"PJ"},"description":"Przemek jest m\u00f3zgiem operacyjnym SpeedTest.pl. Studiowa\u0142 na Politechnice Wroc\u0142awskiej elektronik\u0119 i telekomunikacj\u0119. Zarz\u0105dza projektami IT, relacjami z klientami oraz nadzoruje procesy rozwoju. Prywatnie zaanga\u017cowany w rodzin\u0119, wsparcie r\u00f3\u017cnych dzia\u0142alno\u015bci charytatywnych i projekty ekstremalne.","url":"https:\/\/www.speedtest.pl\/wiadomosci\/author\/przemek\/"}]}},"jetpack_featured_media_url":"https:\/\/www.speedtest.pl\/wiadomosci\/wp-content\/uploads\/2018\/01\/mwc-2018-1.jpg","jetpack_sharing_enabled":true,"jetpack_shortlink":"https:\/\/wp.me\/p85ce0-3ox","_links":{"self":[{"href":"https:\/\/www.speedtest.pl\/wiadomosci\/wp-json\/wp\/v2\/posts\/13053","targetHints":{"allow":["GET"]}}],"collection":[{"href":"https:\/\/www.speedtest.pl\/wiadomosci\/wp-json\/wp\/v2\/posts"}],"about":[{"href":"https:\/\/www.speedtest.pl\/wiadomosci\/wp-json\/wp\/v2\/types\/post"}],"author":[{"embeddable":true,"href":"https:\/\/www.speedtest.pl\/wiadomosci\/wp-json\/wp\/v2\/users\/12"}],"replies":[{"embeddable":true,"href":"https:\/\/www.speedtest.pl\/wiadomosci\/wp-json\/wp\/v2\/comments?post=13053"}],"version-history":[{"count":3,"href":"https:\/\/www.speedtest.pl\/wiadomosci\/wp-json\/wp\/v2\/posts\/13053\/revisions"}],"predecessor-version":[{"id":13065,"href":"https:\/\/www.speedtest.pl\/wiadomosci\/wp-json\/wp\/v2\/posts\/13053\/revisions\/13065"}],"wp:featuredmedia":[{"embeddable":true,"href":"https:\/\/www.speedtest.pl\/wiadomosci\/wp-json\/wp\/v2\/media\/13064"}],"wp:attachment":[{"href":"https:\/\/www.speedtest.pl\/wiadomosci\/wp-json\/wp\/v2\/media?parent=13053"}],"wp:term":[{"taxonomy":"category","embeddable":true,"href":"https:\/\/www.speedtest.pl\/wiadomosci\/wp-json\/wp\/v2\/categories?post=13053"},{"taxonomy":"post_tag","embeddable":true,"href":"https:\/\/www.speedtest.pl\/wiadomosci\/wp-json\/wp\/v2\/tags?post=13053"},{"taxonomy":"table_tags","embeddable":true,"href":"https:\/\/www.speedtest.pl\/wiadomosci\/wp-json\/wp\/v2\/table_tags?post=13053"}],"curies":[{"name":"wp","href":"https:\/\/api.w.org\/{rel}","templated":true}]}}