{"id":12997,"date":"2018-01-15T22:48:30","date_gmt":"2018-01-15T21:48:30","guid":{"rendered":"http:\/\/www.speedtest.pl\/wiadomosci\/?p=12997"},"modified":"2018-01-16T15:31:43","modified_gmt":"2018-01-16T14:31:43","slug":"amd-spectre-oswiadczenie","status":"publish","type":"post","link":"https:\/\/www.speedtest.pl\/wiadomosci\/sprzet\/amd-spectre-oswiadczenie\/","title":{"rendered":"AMD wyja\u015bnia na jakie ataki s\u0105 podatne ich procesory i kiedy b\u0119d\u0105 \u0142atki"},"content":{"rendered":"<p><strong>Na pocz\u0105tku tego roku ca\u0142y \u015bwiat obesz\u0142y wie\u015bci na temat luk bezpiecze\u0144stwa znalezionych w architekturze 64-bitowych procesor\u00f3w Intela. Zaraz po tym okaza\u0142o si\u0119, \u017ce pomimo odmiennej struktury, podobny problem dotyczy r\u00f3wnie\u017c procesor\u00f3w firmy AMD. Co prawda jeszcze nikt nie zademonstrowa\u0142 udanego ataku za pomoc\u0105 opublikowanych podatno\u015bci, jednak in\u017cynierowie AMD potwierdzaj\u0105, \u017ce na komputerach wyposa\u017conych w ich sprz\u0119t r\u00f3wnie\u017c trzeba b\u0119dzie zainstalowa\u0107 \u0142atki bezpiecze\u0144stwa.<\/strong><\/p>\n<p>Zaraz po tym, jak ca\u0142y \u015bwiat IT <a href=\"https:\/\/www.speedtest.pl\/wiadomosci\/news\/intel-amd-x64-meldown-spectre\/\">zacz\u0105\u0142 rozmawia\u0107 o lukach Meltdown oraz Spectre<\/a>, AMD opublikowa\u0142o kr\u00f3tkie o\u015bwiadczenie bazuj\u0105ce na \u00f3wczesnej wiedzy. Kilka dni temu zosta\u0142o ono zaktualizowane przez Marka Papermastera, starszego wiceprezesa i dyrektora ds. technologii AMD. Nasza redakcja otrzyma\u0142a oficjalne t\u0142umaczenie w j\u0119zyku polskim. Dowiedzieli\u015bmy si\u0119 z niego, \u017ce procesory AMD nie s\u0105 podatne na atak Meltdown. R\u00f3\u017cnica w architekturze pomi\u0119dzy AMD a Intelem polega na zastosowaniu techniki ochrony poziom\u00f3w uprzywilejowania w ramach architektury wywo\u0142a\u0144. Jednak nie oznacza to, \u017ce w\u0142a\u015bciciele procesor\u00f3w AMD mog\u0105 spa\u0107 spokojnie. Niestety, ale sprz\u0119t ten jest podatny na ataki oparte o mechanizmy s\u0142u\u017c\u0105ce do przewidywania przetwarzania procesora, kt\u00f3re zosta\u0142y ochrzczone jako Spectre.<\/p>\n<h2>Problem Spectre w wariancie Bounds Check Bypass dotyczy procesor\u00f3w AMD<\/h2>\n<p>In\u017cynierowie AMD podtrzymuj\u0105, \u017ce luka ta mo\u017ce zosta\u0107 za\u0142atana na poziomie aktualizacji systemu operacyjnego. Microsoft oraz deweloperzy odpowiedzialni za poszczeg\u00f3lne dystrybucje Linuxa ju\u017c dostarczyli \u0142atki rozwi\u0105zuj\u0105ce ten problem. Niestety okaza\u0142o si\u0119, \u017ce Microsoft by\u0142 zmuszony do zaprzestania dystrybucji wspomnianej aktualizacji dla komputer\u00f3w wyposa\u017conych w starsze procesory z rodzin AMD Opteron, Athlon i AMD Turion X2 Ultra. Gigant z Redmond oraz AMD ju\u017c pracuj\u0105 nad rozwi\u0105zaniem napotkanych problem\u00f3w. Nowa wersja \u0142atki zostanie dostarczona w przysz\u0142ym tygodniu.<\/p>\n<h2>Odmiana Spectre w postaci Branch Target Injection r\u00f3wnie\u017c dotyczy procesor\u00f3w AMD<\/h2>\n<p>Producent uwa\u017ca, \u017ce przeprowadzenie tego ataku na ich sprz\u0119cie jest utrudnione ze wzgl\u0119du na zastosowan\u0105 architektur\u0119. Jednak pomimo tego trwaj\u0105 prace nad przygotowaniem odpowiednich aktualizacji. Jeszcze w tym tygodniu AMD udost\u0119pni opcjonaln\u0105 aktualizacj\u0119 mikrokodu dla procesor\u00f3w Ryzen oraz EPYC. \u0141atki dla starszych generacji pojawi\u0105 si\u0119 w kolejnych tygodniach. Jednak za ich rozpowszechnienie odpowiada\u0107 b\u0119d\u0105 dostawcy system\u00f3w komputerowych oraz system\u00f3w operacyjnych.<\/p>\n<p>Niekt\u00f3rzy zastanawiali si\u0119, czy analogiczne ataki mo\u017cna przeprowadzi\u0107 na kartach graficznych AMD Radeon. Jednak\u017ce nie stosuj\u0105 one technik przewidywania, wi\u0119c tym samym nie s\u0105 one podatne na powy\u017csze ataki.<\/p>\n<p>\u0179r\u00f3d\u0142o <a href=\"http:\/\/www.amd.com\/en\/corporate\/speculative-execution\" rel=\"external nofollow\">AMD<\/a><\/p>\n","protected":false},"excerpt":{"rendered":"<p>Na pocz\u0105tku tego roku ca\u0142y \u015bwiat obesz\u0142y wie\u015bci na temat luk bezpiecze\u0144stwa znalezionych w architekturze 64-bitowych procesor\u00f3w Intela. Zaraz po tym okaza\u0142o si\u0119, \u017ce pomimo odmiennej struktury, podobny problem dotyczy r\u00f3wnie\u017c procesor\u00f3w firmy AMD. Co prawda jeszcze nikt nie zademonstrowa\u0142 udanego ataku za pomoc\u0105 opublikowanych podatno\u015bci, jednak in\u017cynierowie AMD potwierdzaj\u0105, \u017ce na komputerach wyposa\u017conych w [&hellip;]<\/p>\n","protected":false},"author":13,"featured_media":12998,"comment_status":"closed","ping_status":"open","sticky":false,"template":"","format":"standard","meta":{"jetpack_post_was_ever_published":false,"_jetpack_newsletter_access":"","_jetpack_dont_email_post_to_subs":false,"_jetpack_newsletter_tier_id":0,"_jetpack_memberships_contains_paywalled_content":false,"_jetpack_memberships_contains_paid_content":false,"footnotes":"","jetpack_publicize_message":"#AMD wyja\u015bnia, na kt\u00f3re zagro\u017cenia nara\u017cone s\u0105 ich procesory. #Spectre","jetpack_publicize_feature_enabled":true,"jetpack_social_post_already_shared":true,"jetpack_social_options":{"image_generator_settings":{"template":"highway","enabled":false},"version":2}},"categories":[37],"tags":[600,171,168,2830,1983,1084,110],"table_tags":[],"class_list":["post-12997","post","type-post","status-publish","format-standard","has-post-thumbnail","hentry","category-sprzet","tag-amd","tag-atak","tag-bezpieczenstwo","tag-meltdown","tag-ryzen","tag-spectre","tag-sprzet"],"jetpack_publicize_connections":[],"yoast_head":"<!-- This site is optimized with the Yoast SEO plugin v24.8.1 - https:\/\/yoast.com\/wordpress\/plugins\/seo\/ -->\n<title>AMD wyja\u015bnia na jakie ataki s\u0105 podatne ich procesory i kiedy b\u0119d\u0105 \u0142atki - SpeedTest.pl Wiadomo\u015bci<\/title>\n<meta name=\"robots\" content=\"index, follow, max-snippet:-1, max-image-preview:large, max-video-preview:-1\" \/>\n<link rel=\"canonical\" href=\"https:\/\/www.speedtest.pl\/wiadomosci\/sprzet\/amd-spectre-oswiadczenie\/\" \/>\n<meta property=\"og:locale\" content=\"pl_PL\" \/>\n<meta property=\"og:type\" content=\"article\" \/>\n<meta property=\"og:title\" content=\"AMD wyja\u015bnia na jakie ataki s\u0105 podatne ich procesory i kiedy b\u0119d\u0105 \u0142atki - SpeedTest.pl Wiadomo\u015bci\" \/>\n<meta property=\"og:description\" content=\"Na pocz\u0105tku tego roku ca\u0142y \u015bwiat obesz\u0142y wie\u015bci na temat luk bezpiecze\u0144stwa znalezionych w architekturze 64-bitowych procesor\u00f3w Intela. Zaraz po tym okaza\u0142o si\u0119, \u017ce pomimo odmiennej struktury, podobny problem dotyczy r\u00f3wnie\u017c procesor\u00f3w firmy AMD. Co prawda jeszcze nikt nie zademonstrowa\u0142 udanego ataku za pomoc\u0105 opublikowanych podatno\u015bci, jednak in\u017cynierowie AMD potwierdzaj\u0105, \u017ce na komputerach wyposa\u017conych w [&hellip;]\" \/>\n<meta property=\"og:url\" content=\"https:\/\/www.speedtest.pl\/wiadomosci\/sprzet\/amd-spectre-oswiadczenie\/\" \/>\n<meta property=\"og:site_name\" content=\"SpeedTest.pl Wiadomo\u015bci\" \/>\n<meta property=\"article:publisher\" content=\"https:\/\/www.facebook.com\/speedtestpl\/\" \/>\n<meta property=\"article:published_time\" content=\"2018-01-15T21:48:30+00:00\" \/>\n<meta property=\"article:modified_time\" content=\"2018-01-16T14:31:43+00:00\" \/>\n<meta property=\"og:image\" content=\"https:\/\/www.speedtest.pl\/wiadomosci\/wp-content\/uploads\/2018\/01\/amd-spectre.jpg\" \/>\n\t<meta property=\"og:image:width\" content=\"1024\" \/>\n\t<meta property=\"og:image:height\" content=\"576\" \/>\n\t<meta property=\"og:image:type\" content=\"image\/jpeg\" \/>\n<meta name=\"author\" content=\"BS\" \/>\n<meta name=\"twitter:card\" content=\"summary_large_image\" \/>\n<meta name=\"twitter:creator\" content=\"@speedtestpl\" \/>\n<meta name=\"twitter:site\" content=\"@speedtestpl\" \/>\n<meta name=\"twitter:label1\" content=\"Napisane przez\" \/>\n\t<meta name=\"twitter:data1\" content=\"BS\" \/>\n\t<meta name=\"twitter:label2\" content=\"Szacowany czas czytania\" \/>\n\t<meta name=\"twitter:data2\" content=\"2 minuty\" \/>\n<script type=\"application\/ld+json\" class=\"yoast-schema-graph\">{\"@context\":\"https:\/\/schema.org\",\"@graph\":[{\"@type\":\"WebPage\",\"@id\":\"https:\/\/www.speedtest.pl\/wiadomosci\/sprzet\/amd-spectre-oswiadczenie\/\",\"url\":\"https:\/\/www.speedtest.pl\/wiadomosci\/sprzet\/amd-spectre-oswiadczenie\/\",\"name\":\"AMD wyja\u015bnia na jakie ataki s\u0105 podatne ich procesory i kiedy b\u0119d\u0105 \u0142atki - SpeedTest.pl Wiadomo\u015bci\",\"isPartOf\":{\"@id\":\"https:\/\/www.speedtest.pl\/wiadomosci\/#website\"},\"primaryImageOfPage\":{\"@id\":\"https:\/\/www.speedtest.pl\/wiadomosci\/sprzet\/amd-spectre-oswiadczenie\/#primaryimage\"},\"image\":{\"@id\":\"https:\/\/www.speedtest.pl\/wiadomosci\/sprzet\/amd-spectre-oswiadczenie\/#primaryimage\"},\"thumbnailUrl\":\"https:\/\/www.speedtest.pl\/wiadomosci\/wp-content\/uploads\/2018\/01\/amd-spectre.jpg\",\"datePublished\":\"2018-01-15T21:48:30+00:00\",\"dateModified\":\"2018-01-16T14:31:43+00:00\",\"author\":{\"@id\":\"https:\/\/www.speedtest.pl\/wiadomosci\/#\/schema\/person\/585facd68912bef34cadd731cd3edaf2\"},\"breadcrumb\":{\"@id\":\"https:\/\/www.speedtest.pl\/wiadomosci\/sprzet\/amd-spectre-oswiadczenie\/#breadcrumb\"},\"inLanguage\":\"pl-PL\",\"potentialAction\":[{\"@type\":\"ReadAction\",\"target\":[\"https:\/\/www.speedtest.pl\/wiadomosci\/sprzet\/amd-spectre-oswiadczenie\/\"]}]},{\"@type\":\"ImageObject\",\"inLanguage\":\"pl-PL\",\"@id\":\"https:\/\/www.speedtest.pl\/wiadomosci\/sprzet\/amd-spectre-oswiadczenie\/#primaryimage\",\"url\":\"https:\/\/www.speedtest.pl\/wiadomosci\/wp-content\/uploads\/2018\/01\/amd-spectre.jpg\",\"contentUrl\":\"https:\/\/www.speedtest.pl\/wiadomosci\/wp-content\/uploads\/2018\/01\/amd-spectre.jpg\",\"width\":1024,\"height\":576,\"caption\":\"AMD Spectre\"},{\"@type\":\"BreadcrumbList\",\"@id\":\"https:\/\/www.speedtest.pl\/wiadomosci\/sprzet\/amd-spectre-oswiadczenie\/#breadcrumb\",\"itemListElement\":[{\"@type\":\"ListItem\",\"position\":1,\"name\":\"Strona g\u0142\u00f3wna\",\"item\":\"https:\/\/www.speedtest.pl\/wiadomosci\/\"},{\"@type\":\"ListItem\",\"position\":2,\"name\":\"AMD wyja\u015bnia na jakie ataki s\u0105 podatne ich procesory i kiedy b\u0119d\u0105 \u0142atki\"}]},{\"@type\":\"WebSite\",\"@id\":\"https:\/\/www.speedtest.pl\/wiadomosci\/#website\",\"url\":\"https:\/\/www.speedtest.pl\/wiadomosci\/\",\"name\":\"SpeedTest.pl Wiadomo\u015bci\",\"description\":\"Rankingi ISP, newsy i opinie ze \u015bwiata IT, recenzje sprz\u0119tu, gry, motoryzacja\",\"potentialAction\":[{\"@type\":\"SearchAction\",\"target\":{\"@type\":\"EntryPoint\",\"urlTemplate\":\"https:\/\/www.speedtest.pl\/wiadomosci\/?s={search_term_string}\"},\"query-input\":{\"@type\":\"PropertyValueSpecification\",\"valueRequired\":true,\"valueName\":\"search_term_string\"}}],\"inLanguage\":\"pl-PL\"},{\"@type\":\"Person\",\"@id\":\"https:\/\/www.speedtest.pl\/wiadomosci\/#\/schema\/person\/585facd68912bef34cadd731cd3edaf2\",\"name\":\"BS\",\"image\":{\"@type\":\"ImageObject\",\"inLanguage\":\"pl-PL\",\"@id\":\"https:\/\/www.speedtest.pl\/wiadomosci\/#\/schema\/person\/image\/\",\"url\":\"https:\/\/www.speedtest.pl\/wiadomosci\/wp-content\/uploads\/2018\/01\/bek.png\",\"contentUrl\":\"https:\/\/www.speedtest.pl\/wiadomosci\/wp-content\/uploads\/2018\/01\/bek.png\",\"caption\":\"BS\"},\"description\":\"Bernard to redaktor naczelny SpeedTest.pl. Jest analitykiem i pasjonatem gier. Studiowa\u0142 na Politechnice Wroc\u0142awskiej informatyk\u0119 i zarz\u0105dzanie. Lubi szybkie samochody, podr\u00f3\u017ce do egzotycznych kraj\u00f3w oraz dobre ksi\u0105\u017cki z kategorii fantastyka.\",\"url\":\"https:\/\/www.speedtest.pl\/wiadomosci\/author\/bernard\/\"}]}<\/script>\n<!-- \/ Yoast SEO plugin. -->","yoast_head_json":{"title":"AMD wyja\u015bnia na jakie ataki s\u0105 podatne ich procesory i kiedy b\u0119d\u0105 \u0142atki - SpeedTest.pl Wiadomo\u015bci","robots":{"index":"index","follow":"follow","max-snippet":"max-snippet:-1","max-image-preview":"max-image-preview:large","max-video-preview":"max-video-preview:-1"},"canonical":"https:\/\/www.speedtest.pl\/wiadomosci\/sprzet\/amd-spectre-oswiadczenie\/","og_locale":"pl_PL","og_type":"article","og_title":"AMD wyja\u015bnia na jakie ataki s\u0105 podatne ich procesory i kiedy b\u0119d\u0105 \u0142atki - SpeedTest.pl Wiadomo\u015bci","og_description":"Na pocz\u0105tku tego roku ca\u0142y \u015bwiat obesz\u0142y wie\u015bci na temat luk bezpiecze\u0144stwa znalezionych w architekturze 64-bitowych procesor\u00f3w Intela. Zaraz po tym okaza\u0142o si\u0119, \u017ce pomimo odmiennej struktury, podobny problem dotyczy r\u00f3wnie\u017c procesor\u00f3w firmy AMD. Co prawda jeszcze nikt nie zademonstrowa\u0142 udanego ataku za pomoc\u0105 opublikowanych podatno\u015bci, jednak in\u017cynierowie AMD potwierdzaj\u0105, \u017ce na komputerach wyposa\u017conych w [&hellip;]","og_url":"https:\/\/www.speedtest.pl\/wiadomosci\/sprzet\/amd-spectre-oswiadczenie\/","og_site_name":"SpeedTest.pl Wiadomo\u015bci","article_publisher":"https:\/\/www.facebook.com\/speedtestpl\/","article_published_time":"2018-01-15T21:48:30+00:00","article_modified_time":"2018-01-16T14:31:43+00:00","og_image":[{"width":1024,"height":576,"url":"https:\/\/www.speedtest.pl\/wiadomosci\/wp-content\/uploads\/2018\/01\/amd-spectre.jpg","type":"image\/jpeg"}],"author":"BS","twitter_card":"summary_large_image","twitter_creator":"@speedtestpl","twitter_site":"@speedtestpl","twitter_misc":{"Napisane przez":"BS","Szacowany czas czytania":"2 minuty"},"schema":{"@context":"https:\/\/schema.org","@graph":[{"@type":"WebPage","@id":"https:\/\/www.speedtest.pl\/wiadomosci\/sprzet\/amd-spectre-oswiadczenie\/","url":"https:\/\/www.speedtest.pl\/wiadomosci\/sprzet\/amd-spectre-oswiadczenie\/","name":"AMD wyja\u015bnia na jakie ataki s\u0105 podatne ich procesory i kiedy b\u0119d\u0105 \u0142atki - SpeedTest.pl Wiadomo\u015bci","isPartOf":{"@id":"https:\/\/www.speedtest.pl\/wiadomosci\/#website"},"primaryImageOfPage":{"@id":"https:\/\/www.speedtest.pl\/wiadomosci\/sprzet\/amd-spectre-oswiadczenie\/#primaryimage"},"image":{"@id":"https:\/\/www.speedtest.pl\/wiadomosci\/sprzet\/amd-spectre-oswiadczenie\/#primaryimage"},"thumbnailUrl":"https:\/\/www.speedtest.pl\/wiadomosci\/wp-content\/uploads\/2018\/01\/amd-spectre.jpg","datePublished":"2018-01-15T21:48:30+00:00","dateModified":"2018-01-16T14:31:43+00:00","author":{"@id":"https:\/\/www.speedtest.pl\/wiadomosci\/#\/schema\/person\/585facd68912bef34cadd731cd3edaf2"},"breadcrumb":{"@id":"https:\/\/www.speedtest.pl\/wiadomosci\/sprzet\/amd-spectre-oswiadczenie\/#breadcrumb"},"inLanguage":"pl-PL","potentialAction":[{"@type":"ReadAction","target":["https:\/\/www.speedtest.pl\/wiadomosci\/sprzet\/amd-spectre-oswiadczenie\/"]}]},{"@type":"ImageObject","inLanguage":"pl-PL","@id":"https:\/\/www.speedtest.pl\/wiadomosci\/sprzet\/amd-spectre-oswiadczenie\/#primaryimage","url":"https:\/\/www.speedtest.pl\/wiadomosci\/wp-content\/uploads\/2018\/01\/amd-spectre.jpg","contentUrl":"https:\/\/www.speedtest.pl\/wiadomosci\/wp-content\/uploads\/2018\/01\/amd-spectre.jpg","width":1024,"height":576,"caption":"AMD Spectre"},{"@type":"BreadcrumbList","@id":"https:\/\/www.speedtest.pl\/wiadomosci\/sprzet\/amd-spectre-oswiadczenie\/#breadcrumb","itemListElement":[{"@type":"ListItem","position":1,"name":"Strona g\u0142\u00f3wna","item":"https:\/\/www.speedtest.pl\/wiadomosci\/"},{"@type":"ListItem","position":2,"name":"AMD wyja\u015bnia na jakie ataki s\u0105 podatne ich procesory i kiedy b\u0119d\u0105 \u0142atki"}]},{"@type":"WebSite","@id":"https:\/\/www.speedtest.pl\/wiadomosci\/#website","url":"https:\/\/www.speedtest.pl\/wiadomosci\/","name":"SpeedTest.pl Wiadomo\u015bci","description":"Rankingi ISP, newsy i opinie ze \u015bwiata IT, recenzje sprz\u0119tu, gry, motoryzacja","potentialAction":[{"@type":"SearchAction","target":{"@type":"EntryPoint","urlTemplate":"https:\/\/www.speedtest.pl\/wiadomosci\/?s={search_term_string}"},"query-input":{"@type":"PropertyValueSpecification","valueRequired":true,"valueName":"search_term_string"}}],"inLanguage":"pl-PL"},{"@type":"Person","@id":"https:\/\/www.speedtest.pl\/wiadomosci\/#\/schema\/person\/585facd68912bef34cadd731cd3edaf2","name":"BS","image":{"@type":"ImageObject","inLanguage":"pl-PL","@id":"https:\/\/www.speedtest.pl\/wiadomosci\/#\/schema\/person\/image\/","url":"https:\/\/www.speedtest.pl\/wiadomosci\/wp-content\/uploads\/2018\/01\/bek.png","contentUrl":"https:\/\/www.speedtest.pl\/wiadomosci\/wp-content\/uploads\/2018\/01\/bek.png","caption":"BS"},"description":"Bernard to redaktor naczelny SpeedTest.pl. Jest analitykiem i pasjonatem gier. Studiowa\u0142 na Politechnice Wroc\u0142awskiej informatyk\u0119 i zarz\u0105dzanie. Lubi szybkie samochody, podr\u00f3\u017ce do egzotycznych kraj\u00f3w oraz dobre ksi\u0105\u017cki z kategorii fantastyka.","url":"https:\/\/www.speedtest.pl\/wiadomosci\/author\/bernard\/"}]}},"jetpack_featured_media_url":"https:\/\/www.speedtest.pl\/wiadomosci\/wp-content\/uploads\/2018\/01\/amd-spectre.jpg","jetpack_sharing_enabled":true,"jetpack_shortlink":"https:\/\/wp.me\/p85ce0-3nD","_links":{"self":[{"href":"https:\/\/www.speedtest.pl\/wiadomosci\/wp-json\/wp\/v2\/posts\/12997","targetHints":{"allow":["GET"]}}],"collection":[{"href":"https:\/\/www.speedtest.pl\/wiadomosci\/wp-json\/wp\/v2\/posts"}],"about":[{"href":"https:\/\/www.speedtest.pl\/wiadomosci\/wp-json\/wp\/v2\/types\/post"}],"author":[{"embeddable":true,"href":"https:\/\/www.speedtest.pl\/wiadomosci\/wp-json\/wp\/v2\/users\/13"}],"replies":[{"embeddable":true,"href":"https:\/\/www.speedtest.pl\/wiadomosci\/wp-json\/wp\/v2\/comments?post=12997"}],"version-history":[{"count":2,"href":"https:\/\/www.speedtest.pl\/wiadomosci\/wp-json\/wp\/v2\/posts\/12997\/revisions"}],"predecessor-version":[{"id":13011,"href":"https:\/\/www.speedtest.pl\/wiadomosci\/wp-json\/wp\/v2\/posts\/12997\/revisions\/13011"}],"wp:featuredmedia":[{"embeddable":true,"href":"https:\/\/www.speedtest.pl\/wiadomosci\/wp-json\/wp\/v2\/media\/12998"}],"wp:attachment":[{"href":"https:\/\/www.speedtest.pl\/wiadomosci\/wp-json\/wp\/v2\/media?parent=12997"}],"wp:term":[{"taxonomy":"category","embeddable":true,"href":"https:\/\/www.speedtest.pl\/wiadomosci\/wp-json\/wp\/v2\/categories?post=12997"},{"taxonomy":"post_tag","embeddable":true,"href":"https:\/\/www.speedtest.pl\/wiadomosci\/wp-json\/wp\/v2\/tags?post=12997"},{"taxonomy":"table_tags","embeddable":true,"href":"https:\/\/www.speedtest.pl\/wiadomosci\/wp-json\/wp\/v2\/table_tags?post=12997"}],"curies":[{"name":"wp","href":"https:\/\/api.w.org\/{rel}","templated":true}]}}