{"id":12392,"date":"2017-12-14T22:52:14","date_gmt":"2017-12-14T21:52:14","guid":{"rendered":"http:\/\/www.speedtest.pl\/wiadomosci\/?p=12392"},"modified":"2017-12-16T12:50:21","modified_gmt":"2017-12-16T11:50:21","slug":"apple-imac-pro","status":"publish","type":"post","link":"https:\/\/www.speedtest.pl\/wiadomosci\/apple\/apple-imac-pro\/","title":{"rendered":"Nowy iMac Pro, czyli komputer All-in-One w cenie nowego samochodu"},"content":{"rendered":"<p><em>Czy zastanawiali\u015bcie si\u0119 kiedy\u015b jaka jest najwy\u017csza kwota, jak\u0105 zap\u0142aciliby\u015bcie za komputer? Ju\u017c si\u0119 przyzwyczaili\u015bmy do tego, \u017ce produkty Apple s\u0105 niesamowicie drogie. Jednak nowy iMac Pro, kt\u00f3rego przedsprzeda\u017c w\u0142a\u015bnie ruszy\u0142a, pobi\u0142 wszystkie rekordy. Ceny tego komputera 2-in-1 przygotowanego z my\u015bl\u0105 o profesjonalistach zaczynaj\u0105 si\u0119 od\u00a023 999 z\u0142. Natomiast najdro\u017cszy wariant kosztuje a\u017c\u00a063 359 z\u0142. Za tak\u0105 kwot\u0119 bez problemu kupimy przyzwoicie wyposa\u017cony nowy samoch\u00f3d miejski klasy B.<\/em><\/p>\n<p>Wbrew pozorom tak wysoka cena za nowy komputer Apple jest w pewnym stopniu uzasadniona. Po sprawdzeniu specyfikacji technicznej okazuje si\u0119, \u017ce iMac Pro jest sprz\u0119tem dedykowanym dla w\u0105skiego grona odbiorc\u00f3w i jako komputer klasy 2-in-1 nie ma \u017cadnej konkurencji. Co jest w nim takiego wspania\u0142ego? Podstaw\u0119 nowego iMac Pro tworzy ekran\u00a0Retina 5K o przek\u0105tnej 27 cali i rozdzielczo\u015bci\u00a05120 na 2880 pikseli. Podobny wy\u015bwietlacz, a mo\u017ce nawet taki sam, znajduje si\u0119 w du\u017co ta\u0144szym zwyk\u0142ym iMac&#8217;u. Jednak model Pro nap\u0119dzany jest przez procesor z serii Intel Xeon W posiadaj\u0105cy w najta\u0144szej opcji 8 rdzeni taktowanych z zegarem 3,2 GHz (w trybie Turbo Boost taktowanie wzrasta do 4,2 GHz). Do tego dochodzi minimum 32 GB pami\u0119ci RAM\u00a0DDR4 ECC 2666 MHz, dysk twardy o pojemno\u015bci 1 TB oraz karta graficzna AMD Radeon Pro Vega 56 z 8 GB pami\u0119ci HBM2.<\/p>\n<p><img loading=\"lazy\" decoding=\"async\" class=\"aligncenter size-full wp-image-12399\" src=\"https:\/\/www.speedtest.pl\/wiadomosci\/wp-content\/uploads\/2017\/12\/iMac-Pro-2.jpg\" alt=\"iMac Pro\" width=\"900\" height=\"576\" srcset=\"https:\/\/www.speedtest.pl\/wiadomosci\/wp-content\/uploads\/2017\/12\/iMac-Pro-2.jpg 900w, https:\/\/www.speedtest.pl\/wiadomosci\/wp-content\/uploads\/2017\/12\/iMac-Pro-2-300x192.jpg 300w, https:\/\/www.speedtest.pl\/wiadomosci\/wp-content\/uploads\/2017\/12\/iMac-Pro-2-768x492.jpg 768w, https:\/\/www.speedtest.pl\/wiadomosci\/wp-content\/uploads\/2017\/12\/iMac-Pro-2-696x445.jpg 696w, https:\/\/www.speedtest.pl\/wiadomosci\/wp-content\/uploads\/2017\/12\/iMac-Pro-2-656x420.jpg 656w\" sizes=\"auto, (max-width: 900px) 100vw, 900px\" \/><\/p>\n<h2>iMac Pro to po prostu najwydajniejszy dost\u0119pny na rynku komputer All-in-One<\/h2>\n<p>Komputery iMac nie s\u0105 przeznaczone do samodzielniej rozbudowy. W dotychczasowych modelach niekt\u00f3re elementy (np. dysk twardy) mo\u017cna by\u0142o samemu wymieni\u0107. Jednak w przypadku nowego iMac&#8217;a Pro musimy poczeka\u0107 na pierwszych \u015bmia\u0142k\u00f3w, kt\u00f3rzy wezm\u0105 si\u0119 za jego rozbi\u00f3rk\u0119. Na szcz\u0119\u015bcie Apple przygotowa\u0142o przejrzysty konfigurator, kt\u00f3ry pozwala na dob\u00f3r wszystkich najwa\u017cniejszych komponent\u00f3w. Podstawowy procesor mo\u017cna wymieni\u0107 na:<\/p>\n<ul>\n<li>10 rdzeniowy Intel Xeon W 3,2 GHz (Trubo Boost do 4,2 GHz) z dop\u0142at\u0105 3 840 z\u0142,<\/li>\n<li>14 rdzeniowy Intel Xeon W 2,5 GHz (Trubo Boost do 4,3 GHz) z dop\u0142at\u0105 7 680 z\u0142,<\/li>\n<li>18 rdzeniowy Intel Xeon W 2,3 GHz (Trubo Boost do 4,3 GHz) z dop\u0142at\u0105 11 520 z\u0142.<\/li>\n<\/ul>\n<p>Natomiast pami\u0119\u0107 32 GB pami\u0119ci RAM mo\u017cna rozbudowa\u0107 do 64 GB dop\u0142acaj\u0105c 3 840 z\u0142, lub 128 GB dorzucaj\u0105c 11 520 z\u0142. Je\u017celi dysk SSD o pojemno\u015bci 1 TB jest dla Was za ma\u0142y, to model z 2 TB kosztuje dodatkowe 3 840 z\u0142, a 4 TB to koszt 13 440 z\u0142. Natomiast kart\u0119 graficzn\u0105 mo\u017cna wymieni\u0107 na Radeona Pro Vega 64 16 GB HBM2 dop\u0142acaj\u0105c 2 880 z\u0142. To w\u0142a\u015bnie wszystkie te elementy sk\u0142adaj\u0105 si\u0119 na kwot\u0119\u00a063 359 z\u0142. To jednak nie wszystko. Opr\u00f3cz samego komputera konfigurator pozwala r\u00f3wnie\u017c na dob\u00f3r:<\/p>\n<ul>\n<li>Magic Trackpad 2 za 699 z\u0142 (opr\u00f3cz niego standardowo w zestawie jest Magic Mouse 2),<\/li>\n<li>zestaw monta\u017cowy Vesa za 399 z\u0142,<\/li>\n<li>program do profesjonalnego monta\u017cu wideo\u00a0Final Cut Pro X za 1 399,99 z\u0142,<\/li>\n<li>aplikacja do produkcji muzyki\u00a0Logic Pro X za 949,99 z\u0142.<\/li>\n<\/ul>\n<p><img loading=\"lazy\" decoding=\"async\" class=\"aligncenter size-full wp-image-12398\" src=\"https:\/\/www.speedtest.pl\/wiadomosci\/wp-content\/uploads\/2017\/12\/iMac-Pro-3.jpg\" alt=\"iMac Pro\" width=\"900\" height=\"398\" srcset=\"https:\/\/www.speedtest.pl\/wiadomosci\/wp-content\/uploads\/2017\/12\/iMac-Pro-3.jpg 900w, https:\/\/www.speedtest.pl\/wiadomosci\/wp-content\/uploads\/2017\/12\/iMac-Pro-3-300x133.jpg 300w, https:\/\/www.speedtest.pl\/wiadomosci\/wp-content\/uploads\/2017\/12\/iMac-Pro-3-768x340.jpg 768w, https:\/\/www.speedtest.pl\/wiadomosci\/wp-content\/uploads\/2017\/12\/iMac-Pro-3-696x308.jpg 696w\" sizes=\"auto, (max-width: 900px) 100vw, 900px\" \/><\/p>\n<h2>Opr\u00f3cz tego iMac Pro posiada r\u00f3wnie\u017c inne warte uwagi cechy<\/h2>\n<p>Dobrej jako\u015bci ekran, wydajny procesor, przeogromna ilo\u015b\u0107 pami\u0119ci RAM, porz\u0105dna karta graficzna oraz pojemny dysk SSD to nie wszystko, czym powinien charakteryzowa\u0107 si\u0119 superkomputer. Nowy komputer Apple posiada kamer\u0119 FaceTime HD pracuj\u0105c\u0105 w rozdzielczo\u015bci 1080p oraz mo\u017cliwo\u015b\u0107 pod\u0142\u0105czenia 2 zewn\u0119trznych monitor\u00f3w o rozdzielczo\u015bci 5K (5120 na 2880 pikseli) przy 60 Hz. Przy obni\u017ceniu rozdzielczo\u015bci do 4K UHD (3840 na 2160 pikseli) lub 4K (4096 na 2304 piksele) liczba zewn\u0119trznych ekran\u00f3w wzrasta do 4. Mo\u017cliwe jest to dzi\u0119ki czterem portom\u00a0Thunderbolt 3. Natomiast wyj\u015bcia\u00a0VGA, HDMI, DVI oraz Thunderbolt 2 obs\u0142ugiwane s\u0105 przez sprzedawane osobne przej\u015bci\u00f3wki. Ciekawostk\u0105 jest natomiast to, \u017ce iMac Pro posiada kart\u0119 sieciow\u0105 z interfejsem Ethernet ze z\u0142\u0105czem RJ-45 pracuj\u0105cy w standardzie Nbase-T, kt\u00f3ry wspiera tryby\u00a01 Gb, 2,5 Gb, 5 Gb oraz 10 Gb. Natomiast karta Wi-Fi pracuje w standardzie 802.11ac, niestety Apple nie poda\u0142 wi\u0119cej szczeg\u00f3\u0142\u00f3w na ten temat. Ca\u0142o\u015b\u0107 wa\u017cy nieca\u0142e 10 kg.<\/p>\n<p><img loading=\"lazy\" decoding=\"async\" class=\"aligncenter size-full wp-image-12397\" src=\"https:\/\/www.speedtest.pl\/wiadomosci\/wp-content\/uploads\/2017\/12\/iMac-Pro-4.jpg\" alt=\"iMac Pro\" width=\"900\" height=\"450\" srcset=\"https:\/\/www.speedtest.pl\/wiadomosci\/wp-content\/uploads\/2017\/12\/iMac-Pro-4.jpg 900w, https:\/\/www.speedtest.pl\/wiadomosci\/wp-content\/uploads\/2017\/12\/iMac-Pro-4-300x150.jpg 300w, https:\/\/www.speedtest.pl\/wiadomosci\/wp-content\/uploads\/2017\/12\/iMac-Pro-4-768x384.jpg 768w, https:\/\/www.speedtest.pl\/wiadomosci\/wp-content\/uploads\/2017\/12\/iMac-Pro-4-696x348.jpg 696w, https:\/\/www.speedtest.pl\/wiadomosci\/wp-content\/uploads\/2017\/12\/iMac-Pro-4-840x420.jpg 840w\" sizes=\"auto, (max-width: 900px) 100vw, 900px\" \/><\/p>\n<p>Podsumowuj\u0105c, iMac Pro nie jest komputerem dla ka\u017cdego. Jego cena zaczynaj\u0105ca si\u0119 od\u00a023 999 z\u0142 jest zaporowa dla przeci\u0119tnego u\u017cytkownika domowego. Jest to typowy sprz\u0119t dla profesjonalist\u00f3w wyposa\u017cony w komponenty klasy serwerowej. Sprz\u0119tem tym na pewno zainteresuj\u0105 si\u0119 firmy zajmuj\u0105ce obr\u00f3bk\u0105 i tworzeniem nagra\u0144 wideo. Dla wi\u0119kszo\u015bci os\u00f3b w zupe\u0142no\u015bci powinien wystarczy\u0107 zwyk\u0142y iMac, kt\u00f3ry w wersji z ekranem Retina 5K 27&#8221;, Core i5, 8 GB pami\u0119ci RAM, dyskiem 1 TB oraz kart\u0105\u00a0Radeon Pro 570 4 GB kosztuje 8 999 z\u0142.<\/p>\n<p>\u0179r\u00f3d\u0142o: <a href=\"https:\/\/www.apple.com\/pl\/imac-pro\/\" rel=\"external nofollow\">Apple<\/a><\/p>\n","protected":false},"excerpt":{"rendered":"<p>Czy zastanawiali\u015bcie si\u0119 kiedy\u015b jaka jest najwy\u017csza kwota, jak\u0105 zap\u0142aciliby\u015bcie za komputer? Ju\u017c si\u0119 przyzwyczaili\u015bmy do tego, \u017ce produkty Apple s\u0105 niesamowicie drogie. Jednak nowy iMac Pro, kt\u00f3rego przedsprzeda\u017c w\u0142a\u015bnie ruszy\u0142a, pobi\u0142 wszystkie rekordy. Ceny tego komputera 2-in-1 przygotowanego z my\u015bl\u0105 o profesjonalistach zaczynaj\u0105 si\u0119 od\u00a023 999 z\u0142. Natomiast najdro\u017cszy wariant kosztuje a\u017c\u00a063 359 z\u0142. [&hellip;]<\/p>\n","protected":false},"author":13,"featured_media":12396,"comment_status":"open","ping_status":"open","sticky":false,"template":"","format":"standard","meta":{"jetpack_post_was_ever_published":false,"_jetpack_newsletter_access":"","_jetpack_dont_email_post_to_subs":false,"_jetpack_newsletter_tier_id":0,"_jetpack_memberships_contains_paywalled_content":false,"_jetpack_memberships_contains_paid_content":false,"footnotes":"","jetpack_publicize_message":"#Apple zaprezentowa\u0142 w\u0142a\u015bnie nowego iMac Pro. Cena zwala z n\u00f3g...","jetpack_publicize_feature_enabled":true,"jetpack_social_post_already_shared":true,"jetpack_social_options":{"image_generator_settings":{"template":"highway","enabled":false},"version":2}},"categories":[569,253,37],"tags":[1684,11,2463,2765,961,572,110],"table_tags":[],"class_list":["post-12392","post","type-post","status-publish","format-standard","has-post-thumbnail","hentry","category-apple","category-polecane","category-sprzet","tag-all-in-one","tag-apple","tag-imac","tag-imac-pro","tag-komputery","tag-pro","tag-sprzet"],"jetpack_publicize_connections":[],"yoast_head":"<!-- This site is optimized with the Yoast SEO plugin v24.8.1 - https:\/\/yoast.com\/wordpress\/plugins\/seo\/ -->\n<title>Nowy iMac Pro, czyli komputer All-in-One w cenie nowego samochodu - SpeedTest.pl Wiadomo\u015bci<\/title>\n<meta name=\"robots\" content=\"index, follow, max-snippet:-1, max-image-preview:large, max-video-preview:-1\" \/>\n<link rel=\"canonical\" href=\"https:\/\/www.speedtest.pl\/wiadomosci\/apple\/apple-imac-pro\/\" \/>\n<meta property=\"og:locale\" content=\"pl_PL\" \/>\n<meta property=\"og:type\" content=\"article\" \/>\n<meta property=\"og:title\" content=\"Nowy iMac Pro, czyli komputer All-in-One w cenie nowego samochodu - SpeedTest.pl Wiadomo\u015bci\" \/>\n<meta property=\"og:description\" content=\"Czy zastanawiali\u015bcie si\u0119 kiedy\u015b jaka jest najwy\u017csza kwota, jak\u0105 zap\u0142aciliby\u015bcie za komputer? Ju\u017c si\u0119 przyzwyczaili\u015bmy do tego, \u017ce produkty Apple s\u0105 niesamowicie drogie. Jednak nowy iMac Pro, kt\u00f3rego przedsprzeda\u017c w\u0142a\u015bnie ruszy\u0142a, pobi\u0142 wszystkie rekordy. Ceny tego komputera 2-in-1 przygotowanego z my\u015bl\u0105 o profesjonalistach zaczynaj\u0105 si\u0119 od\u00a023 999 z\u0142. Natomiast najdro\u017cszy wariant kosztuje a\u017c\u00a063 359 z\u0142. [&hellip;]\" \/>\n<meta property=\"og:url\" content=\"https:\/\/www.speedtest.pl\/wiadomosci\/apple\/apple-imac-pro\/\" \/>\n<meta property=\"og:site_name\" content=\"SpeedTest.pl Wiadomo\u015bci\" \/>\n<meta property=\"article:publisher\" content=\"https:\/\/www.facebook.com\/speedtestpl\/\" \/>\n<meta property=\"article:published_time\" content=\"2017-12-14T21:52:14+00:00\" \/>\n<meta property=\"article:modified_time\" content=\"2017-12-16T11:50:21+00:00\" \/>\n<meta property=\"og:image\" content=\"https:\/\/www.speedtest.pl\/wiadomosci\/wp-content\/uploads\/2017\/12\/iMac-Pro.jpg\" \/>\n\t<meta property=\"og:image:width\" content=\"1024\" \/>\n\t<meta property=\"og:image:height\" content=\"576\" \/>\n\t<meta property=\"og:image:type\" content=\"image\/jpeg\" \/>\n<meta name=\"author\" content=\"BS\" \/>\n<meta name=\"twitter:card\" content=\"summary_large_image\" \/>\n<meta name=\"twitter:creator\" content=\"@speedtestpl\" \/>\n<meta name=\"twitter:site\" content=\"@speedtestpl\" \/>\n<meta name=\"twitter:label1\" content=\"Napisane przez\" \/>\n\t<meta name=\"twitter:data1\" content=\"BS\" \/>\n\t<meta name=\"twitter:label2\" content=\"Szacowany czas czytania\" \/>\n\t<meta name=\"twitter:data2\" content=\"4 minuty\" \/>\n<script type=\"application\/ld+json\" class=\"yoast-schema-graph\">{\"@context\":\"https:\/\/schema.org\",\"@graph\":[{\"@type\":\"WebPage\",\"@id\":\"https:\/\/www.speedtest.pl\/wiadomosci\/apple\/apple-imac-pro\/\",\"url\":\"https:\/\/www.speedtest.pl\/wiadomosci\/apple\/apple-imac-pro\/\",\"name\":\"Nowy iMac Pro, czyli komputer All-in-One w cenie nowego samochodu - SpeedTest.pl Wiadomo\u015bci\",\"isPartOf\":{\"@id\":\"https:\/\/www.speedtest.pl\/wiadomosci\/#website\"},\"primaryImageOfPage\":{\"@id\":\"https:\/\/www.speedtest.pl\/wiadomosci\/apple\/apple-imac-pro\/#primaryimage\"},\"image\":{\"@id\":\"https:\/\/www.speedtest.pl\/wiadomosci\/apple\/apple-imac-pro\/#primaryimage\"},\"thumbnailUrl\":\"https:\/\/www.speedtest.pl\/wiadomosci\/wp-content\/uploads\/2017\/12\/iMac-Pro.jpg\",\"datePublished\":\"2017-12-14T21:52:14+00:00\",\"dateModified\":\"2017-12-16T11:50:21+00:00\",\"author\":{\"@id\":\"https:\/\/www.speedtest.pl\/wiadomosci\/#\/schema\/person\/585facd68912bef34cadd731cd3edaf2\"},\"breadcrumb\":{\"@id\":\"https:\/\/www.speedtest.pl\/wiadomosci\/apple\/apple-imac-pro\/#breadcrumb\"},\"inLanguage\":\"pl-PL\",\"potentialAction\":[{\"@type\":\"ReadAction\",\"target\":[\"https:\/\/www.speedtest.pl\/wiadomosci\/apple\/apple-imac-pro\/\"]}]},{\"@type\":\"ImageObject\",\"inLanguage\":\"pl-PL\",\"@id\":\"https:\/\/www.speedtest.pl\/wiadomosci\/apple\/apple-imac-pro\/#primaryimage\",\"url\":\"https:\/\/www.speedtest.pl\/wiadomosci\/wp-content\/uploads\/2017\/12\/iMac-Pro.jpg\",\"contentUrl\":\"https:\/\/www.speedtest.pl\/wiadomosci\/wp-content\/uploads\/2017\/12\/iMac-Pro.jpg\",\"width\":1024,\"height\":576,\"caption\":\"iMac Pro\"},{\"@type\":\"BreadcrumbList\",\"@id\":\"https:\/\/www.speedtest.pl\/wiadomosci\/apple\/apple-imac-pro\/#breadcrumb\",\"itemListElement\":[{\"@type\":\"ListItem\",\"position\":1,\"name\":\"Strona g\u0142\u00f3wna\",\"item\":\"https:\/\/www.speedtest.pl\/wiadomosci\/\"},{\"@type\":\"ListItem\",\"position\":2,\"name\":\"Nowy iMac Pro, czyli komputer All-in-One w cenie nowego samochodu\"}]},{\"@type\":\"WebSite\",\"@id\":\"https:\/\/www.speedtest.pl\/wiadomosci\/#website\",\"url\":\"https:\/\/www.speedtest.pl\/wiadomosci\/\",\"name\":\"SpeedTest.pl Wiadomo\u015bci\",\"description\":\"Rankingi ISP, newsy i opinie ze \u015bwiata IT, recenzje sprz\u0119tu, gry, motoryzacja\",\"potentialAction\":[{\"@type\":\"SearchAction\",\"target\":{\"@type\":\"EntryPoint\",\"urlTemplate\":\"https:\/\/www.speedtest.pl\/wiadomosci\/?s={search_term_string}\"},\"query-input\":{\"@type\":\"PropertyValueSpecification\",\"valueRequired\":true,\"valueName\":\"search_term_string\"}}],\"inLanguage\":\"pl-PL\"},{\"@type\":\"Person\",\"@id\":\"https:\/\/www.speedtest.pl\/wiadomosci\/#\/schema\/person\/585facd68912bef34cadd731cd3edaf2\",\"name\":\"BS\",\"image\":{\"@type\":\"ImageObject\",\"inLanguage\":\"pl-PL\",\"@id\":\"https:\/\/www.speedtest.pl\/wiadomosci\/#\/schema\/person\/image\/\",\"url\":\"https:\/\/www.speedtest.pl\/wiadomosci\/wp-content\/uploads\/2018\/01\/bek.png\",\"contentUrl\":\"https:\/\/www.speedtest.pl\/wiadomosci\/wp-content\/uploads\/2018\/01\/bek.png\",\"caption\":\"BS\"},\"description\":\"Bernard to redaktor naczelny SpeedTest.pl. Jest analitykiem i pasjonatem gier. Studiowa\u0142 na Politechnice Wroc\u0142awskiej informatyk\u0119 i zarz\u0105dzanie. Lubi szybkie samochody, podr\u00f3\u017ce do egzotycznych kraj\u00f3w oraz dobre ksi\u0105\u017cki z kategorii fantastyka.\",\"url\":\"https:\/\/www.speedtest.pl\/wiadomosci\/author\/bernard\/\"}]}<\/script>\n<!-- \/ Yoast SEO plugin. -->","yoast_head_json":{"title":"Nowy iMac Pro, czyli komputer All-in-One w cenie nowego samochodu - SpeedTest.pl Wiadomo\u015bci","robots":{"index":"index","follow":"follow","max-snippet":"max-snippet:-1","max-image-preview":"max-image-preview:large","max-video-preview":"max-video-preview:-1"},"canonical":"https:\/\/www.speedtest.pl\/wiadomosci\/apple\/apple-imac-pro\/","og_locale":"pl_PL","og_type":"article","og_title":"Nowy iMac Pro, czyli komputer All-in-One w cenie nowego samochodu - SpeedTest.pl Wiadomo\u015bci","og_description":"Czy zastanawiali\u015bcie si\u0119 kiedy\u015b jaka jest najwy\u017csza kwota, jak\u0105 zap\u0142aciliby\u015bcie za komputer? Ju\u017c si\u0119 przyzwyczaili\u015bmy do tego, \u017ce produkty Apple s\u0105 niesamowicie drogie. Jednak nowy iMac Pro, kt\u00f3rego przedsprzeda\u017c w\u0142a\u015bnie ruszy\u0142a, pobi\u0142 wszystkie rekordy. Ceny tego komputera 2-in-1 przygotowanego z my\u015bl\u0105 o profesjonalistach zaczynaj\u0105 si\u0119 od\u00a023 999 z\u0142. Natomiast najdro\u017cszy wariant kosztuje a\u017c\u00a063 359 z\u0142. [&hellip;]","og_url":"https:\/\/www.speedtest.pl\/wiadomosci\/apple\/apple-imac-pro\/","og_site_name":"SpeedTest.pl Wiadomo\u015bci","article_publisher":"https:\/\/www.facebook.com\/speedtestpl\/","article_published_time":"2017-12-14T21:52:14+00:00","article_modified_time":"2017-12-16T11:50:21+00:00","og_image":[{"width":1024,"height":576,"url":"https:\/\/www.speedtest.pl\/wiadomosci\/wp-content\/uploads\/2017\/12\/iMac-Pro.jpg","type":"image\/jpeg"}],"author":"BS","twitter_card":"summary_large_image","twitter_creator":"@speedtestpl","twitter_site":"@speedtestpl","twitter_misc":{"Napisane przez":"BS","Szacowany czas czytania":"4 minuty"},"schema":{"@context":"https:\/\/schema.org","@graph":[{"@type":"WebPage","@id":"https:\/\/www.speedtest.pl\/wiadomosci\/apple\/apple-imac-pro\/","url":"https:\/\/www.speedtest.pl\/wiadomosci\/apple\/apple-imac-pro\/","name":"Nowy iMac Pro, czyli komputer All-in-One w cenie nowego samochodu - SpeedTest.pl Wiadomo\u015bci","isPartOf":{"@id":"https:\/\/www.speedtest.pl\/wiadomosci\/#website"},"primaryImageOfPage":{"@id":"https:\/\/www.speedtest.pl\/wiadomosci\/apple\/apple-imac-pro\/#primaryimage"},"image":{"@id":"https:\/\/www.speedtest.pl\/wiadomosci\/apple\/apple-imac-pro\/#primaryimage"},"thumbnailUrl":"https:\/\/www.speedtest.pl\/wiadomosci\/wp-content\/uploads\/2017\/12\/iMac-Pro.jpg","datePublished":"2017-12-14T21:52:14+00:00","dateModified":"2017-12-16T11:50:21+00:00","author":{"@id":"https:\/\/www.speedtest.pl\/wiadomosci\/#\/schema\/person\/585facd68912bef34cadd731cd3edaf2"},"breadcrumb":{"@id":"https:\/\/www.speedtest.pl\/wiadomosci\/apple\/apple-imac-pro\/#breadcrumb"},"inLanguage":"pl-PL","potentialAction":[{"@type":"ReadAction","target":["https:\/\/www.speedtest.pl\/wiadomosci\/apple\/apple-imac-pro\/"]}]},{"@type":"ImageObject","inLanguage":"pl-PL","@id":"https:\/\/www.speedtest.pl\/wiadomosci\/apple\/apple-imac-pro\/#primaryimage","url":"https:\/\/www.speedtest.pl\/wiadomosci\/wp-content\/uploads\/2017\/12\/iMac-Pro.jpg","contentUrl":"https:\/\/www.speedtest.pl\/wiadomosci\/wp-content\/uploads\/2017\/12\/iMac-Pro.jpg","width":1024,"height":576,"caption":"iMac Pro"},{"@type":"BreadcrumbList","@id":"https:\/\/www.speedtest.pl\/wiadomosci\/apple\/apple-imac-pro\/#breadcrumb","itemListElement":[{"@type":"ListItem","position":1,"name":"Strona g\u0142\u00f3wna","item":"https:\/\/www.speedtest.pl\/wiadomosci\/"},{"@type":"ListItem","position":2,"name":"Nowy iMac Pro, czyli komputer All-in-One w cenie nowego samochodu"}]},{"@type":"WebSite","@id":"https:\/\/www.speedtest.pl\/wiadomosci\/#website","url":"https:\/\/www.speedtest.pl\/wiadomosci\/","name":"SpeedTest.pl Wiadomo\u015bci","description":"Rankingi ISP, newsy i opinie ze \u015bwiata IT, recenzje sprz\u0119tu, gry, motoryzacja","potentialAction":[{"@type":"SearchAction","target":{"@type":"EntryPoint","urlTemplate":"https:\/\/www.speedtest.pl\/wiadomosci\/?s={search_term_string}"},"query-input":{"@type":"PropertyValueSpecification","valueRequired":true,"valueName":"search_term_string"}}],"inLanguage":"pl-PL"},{"@type":"Person","@id":"https:\/\/www.speedtest.pl\/wiadomosci\/#\/schema\/person\/585facd68912bef34cadd731cd3edaf2","name":"BS","image":{"@type":"ImageObject","inLanguage":"pl-PL","@id":"https:\/\/www.speedtest.pl\/wiadomosci\/#\/schema\/person\/image\/","url":"https:\/\/www.speedtest.pl\/wiadomosci\/wp-content\/uploads\/2018\/01\/bek.png","contentUrl":"https:\/\/www.speedtest.pl\/wiadomosci\/wp-content\/uploads\/2018\/01\/bek.png","caption":"BS"},"description":"Bernard to redaktor naczelny SpeedTest.pl. Jest analitykiem i pasjonatem gier. Studiowa\u0142 na Politechnice Wroc\u0142awskiej informatyk\u0119 i zarz\u0105dzanie. Lubi szybkie samochody, podr\u00f3\u017ce do egzotycznych kraj\u00f3w oraz dobre ksi\u0105\u017cki z kategorii fantastyka.","url":"https:\/\/www.speedtest.pl\/wiadomosci\/author\/bernard\/"}]}},"jetpack_featured_media_url":"https:\/\/www.speedtest.pl\/wiadomosci\/wp-content\/uploads\/2017\/12\/iMac-Pro.jpg","jetpack_sharing_enabled":true,"jetpack_shortlink":"https:\/\/wp.me\/p85ce0-3dS","_links":{"self":[{"href":"https:\/\/www.speedtest.pl\/wiadomosci\/wp-json\/wp\/v2\/posts\/12392","targetHints":{"allow":["GET"]}}],"collection":[{"href":"https:\/\/www.speedtest.pl\/wiadomosci\/wp-json\/wp\/v2\/posts"}],"about":[{"href":"https:\/\/www.speedtest.pl\/wiadomosci\/wp-json\/wp\/v2\/types\/post"}],"author":[{"embeddable":true,"href":"https:\/\/www.speedtest.pl\/wiadomosci\/wp-json\/wp\/v2\/users\/13"}],"replies":[{"embeddable":true,"href":"https:\/\/www.speedtest.pl\/wiadomosci\/wp-json\/wp\/v2\/comments?post=12392"}],"version-history":[{"count":4,"href":"https:\/\/www.speedtest.pl\/wiadomosci\/wp-json\/wp\/v2\/posts\/12392\/revisions"}],"predecessor-version":[{"id":12413,"href":"https:\/\/www.speedtest.pl\/wiadomosci\/wp-json\/wp\/v2\/posts\/12392\/revisions\/12413"}],"wp:featuredmedia":[{"embeddable":true,"href":"https:\/\/www.speedtest.pl\/wiadomosci\/wp-json\/wp\/v2\/media\/12396"}],"wp:attachment":[{"href":"https:\/\/www.speedtest.pl\/wiadomosci\/wp-json\/wp\/v2\/media?parent=12392"}],"wp:term":[{"taxonomy":"category","embeddable":true,"href":"https:\/\/www.speedtest.pl\/wiadomosci\/wp-json\/wp\/v2\/categories?post=12392"},{"taxonomy":"post_tag","embeddable":true,"href":"https:\/\/www.speedtest.pl\/wiadomosci\/wp-json\/wp\/v2\/tags?post=12392"},{"taxonomy":"table_tags","embeddable":true,"href":"https:\/\/www.speedtest.pl\/wiadomosci\/wp-json\/wp\/v2\/table_tags?post=12392"}],"curies":[{"name":"wp","href":"https:\/\/api.w.org\/{rel}","templated":true}]}}