{"id":11027,"date":"2017-08-25T22:21:07","date_gmt":"2017-08-25T20:21:07","guid":{"rendered":"http:\/\/www.speedtest.pl\/wiadomosci\/?p=11027"},"modified":"2017-08-28T09:59:47","modified_gmt":"2017-08-28T07:59:47","slug":"kupilem-koncu-imaca","status":"publish","type":"post","link":"https:\/\/www.speedtest.pl\/wiadomosci\/apple\/kupilem-koncu-imaca\/","title":{"rendered":"Kupi\u0142em w ko\u0144cu iMaca!"},"content":{"rendered":"<h4>Fanem urz\u0105dze\u0144 Apple jestem od dawna, ale jako\u015b nigdy nie by\u0142em sk\u0142onny pracowa\u0107 na komputerach osobistych z tej firmy.<\/h4>\n<p>Mo\u017cna by powiedzie\u0107, \u017ce nie by\u0142em ani za, ani przeciw iMacom i MacBookom. Po prostu wola\u0142em laptopa z systemem Linux na co dzie\u0144 i Windowsem do multimedi\u00f3w. Apple chodzi\u0142 jednak za mn\u0105 od jakiego\u015b czasu. Kilka lat temu przekona\u0142em si\u0119 i\u00a0<span class=\"hiddenSpellError\">iPhone<\/span>. Nie musia\u0142em nad sob\u0105 d\u0142ugo pracowa\u0107. Ostatni telefon z Androidem, jaki posiada\u0142em, wyl\u0105dowa\u0142 na \u015bcianie zaraz po tym, jak po raz\u00a0<span class=\"hiddenGrammarError\">n<\/span>+1 odm\u00f3wi\u0142 mi pos\u0142usze\u0144stwa. Dobija\u0142 mnie tak\u017ce brak regularnych aktualizacji. Nigdy specjalnie nie narzeka\u0142em z powodu tej migracji \u2014 no mo\u017ce poza samym dost\u0119pem do danych. By\u0142a to zawsze moja najwi\u0119ksza bol\u0105czka. Pobieranie film\u00f3w i zdj\u0119\u0107 z\u00a0<span class=\"hiddenSpellError\">iPhone<\/span>, zmiana g\u0142upiego dzwonka w systemie, by\u0142y bez posiadania systemu MacOS\/<span class=\"hiddenSpellError\">OSX<\/span>\u00a0z boku ogromn\u0105 bol\u0105czk\u0105. By\u0142 to te\u017c jeden z powod\u00f3w, dla kt\u00f3rych zacz\u0105\u0142em my\u015ble\u0107 o kupnie komputera od Apple.<\/p>\n<h2>To, co bardzo kr\u0119ci mnie w ca\u0142ym ekosystemie Apple to synchronizacja.<\/h2>\n<p>Jestem tym mocno\u00a0<span class=\"hiddenSpellError\">podjarany<\/span>. My\u015bl\u0119 te\u017c, \u017ce wi\u0119kszo\u015b\u0107 fan\u00f3w w\u0142a\u015bnie na t\u0119 funkcjonalno\u015b\u0107 zwr\u00f3ci\u0142a uwag\u0119 na samym pocz\u0105tku. Wiem, \u017ce\u00a0<span class=\"hiddenSpellError\">hejter\u00f3w<\/span>\u00a0jab\u0142ka nie brakuje, ale w wi\u0119kszo\u015b\u0107 s\u0105 to ludzi za\u0142amani jego hermetyczno\u015bci\u0105, albo ci, kt\u00f3rych na te sprz\u0119t nie sta\u0107. Nie jest to moim zdaniem jednak pow\u00f3d do szkalowania, poniewa\u017c ocen\u0119 wydaje si\u0119 za ca\u0142okszta\u0142t. Ludzie jednak wol\u0105 wydawa\u0107 cz\u0105stkowe recenzje, do tak jest \u0142atwiej i dokonywa\u0107 analiz bez g\u0142\u0119bszego przyjrzenia si\u0119 r\u00f3\u017cnym sprawom. S\u0105 u\u017cytkownicy, kt\u00f3rzy zwyczajnie nie chc\u0105 si\u0119 m\u0119czy\u0107 z systemem, bawi\u0107 w ustawianie, poprawia\u0107 konfiguracji. Sprz\u0119t Apple jest w\u0142a\u015bnie dla nich. Jest niesamowicie\u00a0<span class=\"hiddenSpellError\">idiotoodporny<\/span>. Jest to jego wielka zaleta. Owszem, bez odpowiednich uprawnie\u0144 nic nie zmienisz, ale polityka Apple jest dla tych, kt\u00f3rzy nie czuj\u0105 potrzeby zmian. Jest dla tych, kt\u00f3rzy ceni\u0105 sobie prostot\u0119, przejrzysto\u015b\u0107 i \u0142atwo\u015b\u0107 pracy. Kolejn\u0105 zalet\u0105 Apple jest optymalizacja systemu operacyjnego pod sprz\u0119t. \u017badne urz\u0105dzenia, kt\u00f3re posiadamy w domu z Windowsem,\u00a0<span class=\"hiddenSpellError\">Linuxem<\/span>\u00a0czy innym systemem nie b\u0119d\u0105 tak wydajne, jak Apple. System MacOS\/<span class=\"hiddenSpellError\">OSX<\/span>\u00a0s\u0105 specjalnie przygotowane pod bebechy, kt\u00f3re Apple wrzuca do danego modelu. To wszystko \u015bwietnie ze sob\u0105 wsp\u00f3\u0142gra. Co wi\u0119cej, jest to \u015brodowisko przegotowane z my\u015bl\u0105 o ludziach, kt\u00f3rzy pracuj\u0105 z multimediami na co dzie\u0144. Mi\u0119dzy innymi dlatego skrad\u0142o moje serce. W przypadku Windowsa tak\u017ce mamy takie \u015brodowisko, ale z natury s\u0105 to niesamowite koby\u0142y, kt\u00f3rych uruchomienie sprawia, \u017ce nic innego na systemie nie ruszy. \u015awietnie sprawdza si\u0119 tak\u017ce baza aplikacji, z kt\u00f3rej mo\u017cemy pobra\u0107 to, czego potrzebuje, a sam instalator to jedno przesuni\u0119cie mysz\u0105. Nie jeste\u015bmy nara\u017ceni na kolejne przyciski:\u00a0<span class=\"hiddenSpellError\">NEXT<\/span>.\u00a0<span class=\"hiddenSpellError\">NEXT<\/span>,\u00a0<span class=\"hiddenSpellError\">NEXT<\/span>.<\/p>\n<h2>Je\u017celi wydaje wam si\u0119, \u017ce Mac jest do kitu, bo nie pogracie w \u017cadne gry \u2014 to jeste\u015bcie w ogromnym b\u0142\u0119dzie.<\/h2>\n<p>Co wi\u0119cej, unikamy nieplanowanych aktualizacja blokuj\u0105cych system, zamulaj\u0105cego Worda i ca\u0142ej tony wirus\u00f3w. Jest ca\u0142a masa plus\u00f3w. Tak jak wspomnia\u0142em wy\u017cej. Jedn\u0105 z g\u0142\u00f3wnych zalet jest \u0142opatologia. Wielu\u00a0<span class=\"hiddenSpellError\">user\u00f3w<\/span>\u00a0absolutnie nie obchodzi grzebanie w Biosie, konfiguracja sprz\u0119tu, a nawet instalowanie aplikacji. Chc\u0105 zap\u0142aci\u0107, postawi\u0107 i&#8230; ma dzia\u0142a\u0107. I tu zaczynaj\u0105 si\u0119 schody, bo nie zawsze dzia\u0142a. Zw\u0142aszcza Windowsa. Ten to nie dzia\u0142a tak dla zasady. Linux zn\u00f3w nie dzia\u0142a, bo wi\u0119kszo\u015b\u0107\u00a0<span class=\"hiddenSpellError\">user\u00f3w<\/span>\u00a0nie umie si\u0119 nim pos\u0142ugiwa\u0107. Wbrew wszelkim oczekiwaniom, nie jest to system operacyjny dla ka\u017cdego. Sama struktura repozytori\u00f3w potrafi lamera doprowadzi\u0107 do szewskiej pasji. Co wi\u0119cej, kupuj\u0105c komputer wyposa\u017cony w Windows, pr\u00f3cz systemu dostajemy ca\u0142e mn\u00f3stwo nikomu niepotrzebnych program\u00f3w. Z dnia na dzie\u0144 robi si\u0119 to coraz bardziej popularne: aplikacje kliencie, partycje\u00a0<span class=\"hiddenSpellError\">recovery<\/span>, dedykowane sterowniki. To tylko kilka ciekawostek, jakie mo\u017cemy spotka\u0107 na kupionym sprz\u0119cie. Mo\u017ce nie robi wam to r\u00f3\u017cnicy, ale prawda jest taka, \u017ce niesamowicie os\u0142abia to wydajno\u015b\u0107 systemu. Producenci niemal prze\u015bcigaj\u0105 si\u0119 w beznadziejno\u015bci i nieprzydatno\u015bci tego dodatkowego oprogramowania, kt\u00f3re w\u0142\u0105cza si\u0119 wraz ze startem systemu. Wszystko odbywa si\u0119 kosztem obci\u0105\u017cenia podzespo\u0142\u00f3w, przez co komputer w\u0142\u0105cza si\u0119 d\u0142u\u017cej i dzia\u0142a wolniej. Ze sprz\u0119tem od Apple jest inaczej \u2014 wyci\u0105gam go z pude\u0142ka i dzia\u0142a. Nie musz\u0119 si\u0119 m\u0119czy\u0107 ze sterownikami, a i nie mam ca\u0142ej kolekcji niepotrzebnych aplikacji w systemie.<\/p>\n<h2>\u015awietn\u0105 spraw\u0105 jest funkcjonalno\u015b\u0107 nazwana Time\u00a0<span class=\"hiddenSpellError\">Machine<\/span>.<\/h2>\n<p>Je\u017celi nie znacie farmy Apple, to musicie wiedzie\u0107, \u017ce jest to system wykonywania kopii zapasowych. Wystarczy podpi\u0105\u0107 zewn\u0119trzny dysk twardy lub po\u0142\u0105czy\u0107 go przez Wi-Fi, w\u0142\u0105czy\u0107 Time\u00a0<span class=\"hiddenSpellError\">Machine<\/span>, a reszta dzieje si\u0119 sama. Czy\u017c nie jest to mocno motywuj\u0105ce do zakupu. Zdaje sobie spraw\u0119, \u017ce ludzie dziel\u0105 si\u0119 na takich, kt\u00f3rzy robi\u0105 backupy i takich, kt\u00f3rzy b\u0119d\u0105 je robi\u0107. Dla tych, w kt\u00f3rych ten proces dopiero dojrzewa, taki automat by\u0142by idealny. Co prawda, prawdziwi kowboje nie robi\u0105 backup\u00f3w, ale do Dallas mam daleko. Co wi\u0119cej, Mac nie wiesza si\u0119 tak, jak Windows. My\u015bl\u0119, \u017ce je\u017celi u\u017cywacie systemu od\u00a0<span class=\"hiddenGrammarError\">Microsoft<\/span>\u00a0jaki\u015b czas, to wiecie, co mam na my\u015bli. Sam OS X jest \u015bwietnie zoptymalizowany i, mimo \u017ce parametry moich komputer\u00f3w nie s\u0105 nadzwyczaj wy\u015brubowane, to nie mam \u017cadnych problem\u00f3w z obr\u00f3bk\u0105 zdj\u0119\u0107 czy film\u00f3w. Ze wzgl\u0119du na \u015bwietne po\u0142\u0105czenie z systemem, nawet stary sprz\u0119t daje rad\u0119.<\/p>\n<h2>Osobi\u015bcie, zakocha\u0142em si\u0119 te\u017c we wszelkiego rodzaju u\u0142atwieniach, jak system dla niedowidz\u0105cych, system dyktowania i sterowania g\u0142osem.<\/h2>\n<p>Jest to naprawd\u0119 mocno dopracowane. Musicie te\u017c wiedzie\u0107, \u017ce ten artyku\u0142 powsta\u0142 poprzez dyktowanie go mojemu systemowi. Ja poprawi\u0142em tylko kilka liter\u00f3wek. Musz\u0119 przyzna\u0107, \u017ce odk\u0105d przesiad\u0142em si\u0119 na sprz\u0119t Apple, nie wyobra\u017cam sobie powrotu na Windows. D\u0142ugo te\u017c pracuje z systemami z rodziny Linux i Windows od jakiego\u015b czasu jest dla mnie strasznie nielogiczny.\u00a0<span class=\"hiddenSpellError\">Linuxowi<\/span>\u00a0jednak na t\u0119 chwil\u0119 brakuje tego zaplecza multimedialnego. Mac sprawdza si\u0119 w tej roli idealnie. Wiem dobrze, \u017ce odpowiednio dostosowany Windows potrafi nie\u017ale dzia\u0142a\u0107 \u2014 znam takie przypadki, mimo \u017ce jest to obarczone \u0142zami i godzinami sp\u0119dzonymi przed komputerem na konfiguracji. Skoro zatem Mac dzia\u0142a od razu dobrze, wyb\u00f3r\u00a0wydaje si\u0119 w pe\u0142ni uzasadniony.<\/p>\n","protected":false},"excerpt":{"rendered":"<p>Fanem urz\u0105dze\u0144 Apple jestem od dawna, ale jako\u015b nigdy nie by\u0142em sk\u0142onny pracowa\u0107 na komputerach osobistych z tej firmy. Mo\u017cna by powiedzie\u0107, \u017ce nie by\u0142em ani za, ani przeciw iMacom i MacBookom. Po prostu wola\u0142em laptopa z systemem Linux na co dzie\u0144 i Windowsem do multimedi\u00f3w. Apple chodzi\u0142 jednak za mn\u0105 od jakiego\u015b czasu. Kilka [&hellip;]<\/p>\n","protected":false},"author":12,"featured_media":11031,"comment_status":"open","ping_status":"open","sticky":false,"template":"","format":"standard","meta":{"jetpack_post_was_ever_published":false,"_jetpack_newsletter_access":"","_jetpack_dont_email_post_to_subs":false,"_jetpack_newsletter_tier_id":0,"_jetpack_memberships_contains_paywalled_content":false,"_jetpack_memberships_contains_paid_content":false,"footnotes":"","jetpack_publicize_message":"Mam \"iZabawk\u0119\" - jestem \"iFajny\"!","jetpack_publicize_feature_enabled":true,"jetpack_social_post_already_shared":true,"jetpack_social_options":{"image_generator_settings":{"template":"highway","enabled":false},"version":2}},"categories":[569,253],"tags":[11,2463,140,1101,185,1100],"table_tags":[],"class_list":["post-11027","post","type-post","status-publish","format-standard","has-post-thumbnail","hentry","category-apple","category-polecane","tag-apple","tag-imac","tag-mac","tag-mac-os","tag-macbook","tag-os-x"],"jetpack_publicize_connections":[],"yoast_head":"<!-- This site is optimized with the Yoast SEO plugin v24.8.1 - https:\/\/yoast.com\/wordpress\/plugins\/seo\/ -->\n<title>Kupi\u0142em w ko\u0144cu iMaca! - SpeedTest.pl Wiadomo\u015bci<\/title>\n<meta name=\"robots\" content=\"index, follow, max-snippet:-1, max-image-preview:large, max-video-preview:-1\" \/>\n<link rel=\"canonical\" href=\"https:\/\/www.speedtest.pl\/wiadomosci\/apple\/kupilem-koncu-imaca\/\" \/>\n<meta property=\"og:locale\" content=\"pl_PL\" \/>\n<meta property=\"og:type\" content=\"article\" \/>\n<meta property=\"og:title\" content=\"Kupi\u0142em w ko\u0144cu iMaca! - SpeedTest.pl Wiadomo\u015bci\" \/>\n<meta property=\"og:description\" content=\"Fanem urz\u0105dze\u0144 Apple jestem od dawna, ale jako\u015b nigdy nie by\u0142em sk\u0142onny pracowa\u0107 na komputerach osobistych z tej firmy. Mo\u017cna by powiedzie\u0107, \u017ce nie by\u0142em ani za, ani przeciw iMacom i MacBookom. Po prostu wola\u0142em laptopa z systemem Linux na co dzie\u0144 i Windowsem do multimedi\u00f3w. Apple chodzi\u0142 jednak za mn\u0105 od jakiego\u015b czasu. Kilka [&hellip;]\" \/>\n<meta property=\"og:url\" content=\"https:\/\/www.speedtest.pl\/wiadomosci\/apple\/kupilem-koncu-imaca\/\" \/>\n<meta property=\"og:site_name\" content=\"SpeedTest.pl Wiadomo\u015bci\" \/>\n<meta property=\"article:publisher\" content=\"https:\/\/www.facebook.com\/speedtestpl\/\" \/>\n<meta property=\"article:published_time\" content=\"2017-08-25T20:21:07+00:00\" \/>\n<meta property=\"article:modified_time\" content=\"2017-08-28T07:59:47+00:00\" \/>\n<meta property=\"og:image\" content=\"https:\/\/www.speedtest.pl\/wiadomosci\/wp-content\/uploads\/2017\/08\/imac-2014-21inch-product-photos06.jpg\" \/>\n\t<meta property=\"og:image:width\" content=\"830\" \/>\n\t<meta property=\"og:image:height\" content=\"467\" \/>\n\t<meta property=\"og:image:type\" content=\"image\/jpeg\" \/>\n<meta name=\"author\" content=\"PJ\" \/>\n<meta name=\"twitter:card\" content=\"summary_large_image\" \/>\n<meta name=\"twitter:creator\" content=\"@speedtestpl\" \/>\n<meta name=\"twitter:site\" content=\"@speedtestpl\" \/>\n<meta name=\"twitter:label1\" content=\"Napisane przez\" \/>\n\t<meta name=\"twitter:data1\" content=\"PJ\" \/>\n\t<meta name=\"twitter:label2\" content=\"Szacowany czas czytania\" \/>\n\t<meta name=\"twitter:data2\" content=\"6 minut\" \/>\n<script type=\"application\/ld+json\" class=\"yoast-schema-graph\">{\"@context\":\"https:\/\/schema.org\",\"@graph\":[{\"@type\":\"WebPage\",\"@id\":\"https:\/\/www.speedtest.pl\/wiadomosci\/apple\/kupilem-koncu-imaca\/\",\"url\":\"https:\/\/www.speedtest.pl\/wiadomosci\/apple\/kupilem-koncu-imaca\/\",\"name\":\"Kupi\u0142em w ko\u0144cu iMaca! - SpeedTest.pl Wiadomo\u015bci\",\"isPartOf\":{\"@id\":\"https:\/\/www.speedtest.pl\/wiadomosci\/#website\"},\"primaryImageOfPage\":{\"@id\":\"https:\/\/www.speedtest.pl\/wiadomosci\/apple\/kupilem-koncu-imaca\/#primaryimage\"},\"image\":{\"@id\":\"https:\/\/www.speedtest.pl\/wiadomosci\/apple\/kupilem-koncu-imaca\/#primaryimage\"},\"thumbnailUrl\":\"https:\/\/www.speedtest.pl\/wiadomosci\/wp-content\/uploads\/2017\/08\/imac-2014-21inch-product-photos06.jpg\",\"datePublished\":\"2017-08-25T20:21:07+00:00\",\"dateModified\":\"2017-08-28T07:59:47+00:00\",\"author\":{\"@id\":\"https:\/\/www.speedtest.pl\/wiadomosci\/#\/schema\/person\/1e51a1178096c8851f7d3ab0575726e4\"},\"breadcrumb\":{\"@id\":\"https:\/\/www.speedtest.pl\/wiadomosci\/apple\/kupilem-koncu-imaca\/#breadcrumb\"},\"inLanguage\":\"pl-PL\",\"potentialAction\":[{\"@type\":\"ReadAction\",\"target\":[\"https:\/\/www.speedtest.pl\/wiadomosci\/apple\/kupilem-koncu-imaca\/\"]}]},{\"@type\":\"ImageObject\",\"inLanguage\":\"pl-PL\",\"@id\":\"https:\/\/www.speedtest.pl\/wiadomosci\/apple\/kupilem-koncu-imaca\/#primaryimage\",\"url\":\"https:\/\/www.speedtest.pl\/wiadomosci\/wp-content\/uploads\/2017\/08\/imac-2014-21inch-product-photos06.jpg\",\"contentUrl\":\"https:\/\/www.speedtest.pl\/wiadomosci\/wp-content\/uploads\/2017\/08\/imac-2014-21inch-product-photos06.jpg\",\"width\":830,\"height\":467,\"caption\":\"iMac\"},{\"@type\":\"BreadcrumbList\",\"@id\":\"https:\/\/www.speedtest.pl\/wiadomosci\/apple\/kupilem-koncu-imaca\/#breadcrumb\",\"itemListElement\":[{\"@type\":\"ListItem\",\"position\":1,\"name\":\"Strona g\u0142\u00f3wna\",\"item\":\"https:\/\/www.speedtest.pl\/wiadomosci\/\"},{\"@type\":\"ListItem\",\"position\":2,\"name\":\"Kupi\u0142em w ko\u0144cu iMaca!\"}]},{\"@type\":\"WebSite\",\"@id\":\"https:\/\/www.speedtest.pl\/wiadomosci\/#website\",\"url\":\"https:\/\/www.speedtest.pl\/wiadomosci\/\",\"name\":\"SpeedTest.pl Wiadomo\u015bci\",\"description\":\"Rankingi ISP, newsy i opinie ze \u015bwiata IT, recenzje sprz\u0119tu, gry, motoryzacja\",\"potentialAction\":[{\"@type\":\"SearchAction\",\"target\":{\"@type\":\"EntryPoint\",\"urlTemplate\":\"https:\/\/www.speedtest.pl\/wiadomosci\/?s={search_term_string}\"},\"query-input\":{\"@type\":\"PropertyValueSpecification\",\"valueRequired\":true,\"valueName\":\"search_term_string\"}}],\"inLanguage\":\"pl-PL\"},{\"@type\":\"Person\",\"@id\":\"https:\/\/www.speedtest.pl\/wiadomosci\/#\/schema\/person\/1e51a1178096c8851f7d3ab0575726e4\",\"name\":\"PJ\",\"image\":{\"@type\":\"ImageObject\",\"inLanguage\":\"pl-PL\",\"@id\":\"https:\/\/www.speedtest.pl\/wiadomosci\/#\/schema\/person\/image\/\",\"url\":\"https:\/\/www.speedtest.pl\/wiadomosci\/wp-content\/uploads\/2018\/01\/AAEAAQAAAAAAAAk2AAAAJDNhNWRlODdhLWY3MjYtNGFjNC04MzY1LTI1Zjc4NmI4YmE0OQ-150x150.jpg\",\"contentUrl\":\"https:\/\/www.speedtest.pl\/wiadomosci\/wp-content\/uploads\/2018\/01\/AAEAAQAAAAAAAAk2AAAAJDNhNWRlODdhLWY3MjYtNGFjNC04MzY1LTI1Zjc4NmI4YmE0OQ-150x150.jpg\",\"caption\":\"PJ\"},\"description\":\"Przemek jest m\u00f3zgiem operacyjnym SpeedTest.pl. Studiowa\u0142 na Politechnice Wroc\u0142awskiej elektronik\u0119 i telekomunikacj\u0119. Zarz\u0105dza projektami IT, relacjami z klientami oraz nadzoruje procesy rozwoju. Prywatnie zaanga\u017cowany w rodzin\u0119, wsparcie r\u00f3\u017cnych dzia\u0142alno\u015bci charytatywnych i projekty ekstremalne.\",\"url\":\"https:\/\/www.speedtest.pl\/wiadomosci\/author\/przemek\/\"}]}<\/script>\n<!-- \/ Yoast SEO plugin. -->","yoast_head_json":{"title":"Kupi\u0142em w ko\u0144cu iMaca! - SpeedTest.pl Wiadomo\u015bci","robots":{"index":"index","follow":"follow","max-snippet":"max-snippet:-1","max-image-preview":"max-image-preview:large","max-video-preview":"max-video-preview:-1"},"canonical":"https:\/\/www.speedtest.pl\/wiadomosci\/apple\/kupilem-koncu-imaca\/","og_locale":"pl_PL","og_type":"article","og_title":"Kupi\u0142em w ko\u0144cu iMaca! - SpeedTest.pl Wiadomo\u015bci","og_description":"Fanem urz\u0105dze\u0144 Apple jestem od dawna, ale jako\u015b nigdy nie by\u0142em sk\u0142onny pracowa\u0107 na komputerach osobistych z tej firmy. Mo\u017cna by powiedzie\u0107, \u017ce nie by\u0142em ani za, ani przeciw iMacom i MacBookom. Po prostu wola\u0142em laptopa z systemem Linux na co dzie\u0144 i Windowsem do multimedi\u00f3w. Apple chodzi\u0142 jednak za mn\u0105 od jakiego\u015b czasu. Kilka [&hellip;]","og_url":"https:\/\/www.speedtest.pl\/wiadomosci\/apple\/kupilem-koncu-imaca\/","og_site_name":"SpeedTest.pl Wiadomo\u015bci","article_publisher":"https:\/\/www.facebook.com\/speedtestpl\/","article_published_time":"2017-08-25T20:21:07+00:00","article_modified_time":"2017-08-28T07:59:47+00:00","og_image":[{"width":830,"height":467,"url":"https:\/\/www.speedtest.pl\/wiadomosci\/wp-content\/uploads\/2017\/08\/imac-2014-21inch-product-photos06.jpg","type":"image\/jpeg"}],"author":"PJ","twitter_card":"summary_large_image","twitter_creator":"@speedtestpl","twitter_site":"@speedtestpl","twitter_misc":{"Napisane przez":"PJ","Szacowany czas czytania":"6 minut"},"schema":{"@context":"https:\/\/schema.org","@graph":[{"@type":"WebPage","@id":"https:\/\/www.speedtest.pl\/wiadomosci\/apple\/kupilem-koncu-imaca\/","url":"https:\/\/www.speedtest.pl\/wiadomosci\/apple\/kupilem-koncu-imaca\/","name":"Kupi\u0142em w ko\u0144cu iMaca! - SpeedTest.pl Wiadomo\u015bci","isPartOf":{"@id":"https:\/\/www.speedtest.pl\/wiadomosci\/#website"},"primaryImageOfPage":{"@id":"https:\/\/www.speedtest.pl\/wiadomosci\/apple\/kupilem-koncu-imaca\/#primaryimage"},"image":{"@id":"https:\/\/www.speedtest.pl\/wiadomosci\/apple\/kupilem-koncu-imaca\/#primaryimage"},"thumbnailUrl":"https:\/\/www.speedtest.pl\/wiadomosci\/wp-content\/uploads\/2017\/08\/imac-2014-21inch-product-photos06.jpg","datePublished":"2017-08-25T20:21:07+00:00","dateModified":"2017-08-28T07:59:47+00:00","author":{"@id":"https:\/\/www.speedtest.pl\/wiadomosci\/#\/schema\/person\/1e51a1178096c8851f7d3ab0575726e4"},"breadcrumb":{"@id":"https:\/\/www.speedtest.pl\/wiadomosci\/apple\/kupilem-koncu-imaca\/#breadcrumb"},"inLanguage":"pl-PL","potentialAction":[{"@type":"ReadAction","target":["https:\/\/www.speedtest.pl\/wiadomosci\/apple\/kupilem-koncu-imaca\/"]}]},{"@type":"ImageObject","inLanguage":"pl-PL","@id":"https:\/\/www.speedtest.pl\/wiadomosci\/apple\/kupilem-koncu-imaca\/#primaryimage","url":"https:\/\/www.speedtest.pl\/wiadomosci\/wp-content\/uploads\/2017\/08\/imac-2014-21inch-product-photos06.jpg","contentUrl":"https:\/\/www.speedtest.pl\/wiadomosci\/wp-content\/uploads\/2017\/08\/imac-2014-21inch-product-photos06.jpg","width":830,"height":467,"caption":"iMac"},{"@type":"BreadcrumbList","@id":"https:\/\/www.speedtest.pl\/wiadomosci\/apple\/kupilem-koncu-imaca\/#breadcrumb","itemListElement":[{"@type":"ListItem","position":1,"name":"Strona g\u0142\u00f3wna","item":"https:\/\/www.speedtest.pl\/wiadomosci\/"},{"@type":"ListItem","position":2,"name":"Kupi\u0142em w ko\u0144cu iMaca!"}]},{"@type":"WebSite","@id":"https:\/\/www.speedtest.pl\/wiadomosci\/#website","url":"https:\/\/www.speedtest.pl\/wiadomosci\/","name":"SpeedTest.pl Wiadomo\u015bci","description":"Rankingi ISP, newsy i opinie ze \u015bwiata IT, recenzje sprz\u0119tu, gry, motoryzacja","potentialAction":[{"@type":"SearchAction","target":{"@type":"EntryPoint","urlTemplate":"https:\/\/www.speedtest.pl\/wiadomosci\/?s={search_term_string}"},"query-input":{"@type":"PropertyValueSpecification","valueRequired":true,"valueName":"search_term_string"}}],"inLanguage":"pl-PL"},{"@type":"Person","@id":"https:\/\/www.speedtest.pl\/wiadomosci\/#\/schema\/person\/1e51a1178096c8851f7d3ab0575726e4","name":"PJ","image":{"@type":"ImageObject","inLanguage":"pl-PL","@id":"https:\/\/www.speedtest.pl\/wiadomosci\/#\/schema\/person\/image\/","url":"https:\/\/www.speedtest.pl\/wiadomosci\/wp-content\/uploads\/2018\/01\/AAEAAQAAAAAAAAk2AAAAJDNhNWRlODdhLWY3MjYtNGFjNC04MzY1LTI1Zjc4NmI4YmE0OQ-150x150.jpg","contentUrl":"https:\/\/www.speedtest.pl\/wiadomosci\/wp-content\/uploads\/2018\/01\/AAEAAQAAAAAAAAk2AAAAJDNhNWRlODdhLWY3MjYtNGFjNC04MzY1LTI1Zjc4NmI4YmE0OQ-150x150.jpg","caption":"PJ"},"description":"Przemek jest m\u00f3zgiem operacyjnym SpeedTest.pl. Studiowa\u0142 na Politechnice Wroc\u0142awskiej elektronik\u0119 i telekomunikacj\u0119. Zarz\u0105dza projektami IT, relacjami z klientami oraz nadzoruje procesy rozwoju. Prywatnie zaanga\u017cowany w rodzin\u0119, wsparcie r\u00f3\u017cnych dzia\u0142alno\u015bci charytatywnych i projekty ekstremalne.","url":"https:\/\/www.speedtest.pl\/wiadomosci\/author\/przemek\/"}]}},"jetpack_featured_media_url":"https:\/\/www.speedtest.pl\/wiadomosci\/wp-content\/uploads\/2017\/08\/imac-2014-21inch-product-photos06.jpg","jetpack_sharing_enabled":true,"jetpack_shortlink":"https:\/\/wp.me\/p85ce0-2RR","_links":{"self":[{"href":"https:\/\/www.speedtest.pl\/wiadomosci\/wp-json\/wp\/v2\/posts\/11027","targetHints":{"allow":["GET"]}}],"collection":[{"href":"https:\/\/www.speedtest.pl\/wiadomosci\/wp-json\/wp\/v2\/posts"}],"about":[{"href":"https:\/\/www.speedtest.pl\/wiadomosci\/wp-json\/wp\/v2\/types\/post"}],"author":[{"embeddable":true,"href":"https:\/\/www.speedtest.pl\/wiadomosci\/wp-json\/wp\/v2\/users\/12"}],"replies":[{"embeddable":true,"href":"https:\/\/www.speedtest.pl\/wiadomosci\/wp-json\/wp\/v2\/comments?post=11027"}],"version-history":[{"count":3,"href":"https:\/\/www.speedtest.pl\/wiadomosci\/wp-json\/wp\/v2\/posts\/11027\/revisions"}],"predecessor-version":[{"id":11041,"href":"https:\/\/www.speedtest.pl\/wiadomosci\/wp-json\/wp\/v2\/posts\/11027\/revisions\/11041"}],"wp:featuredmedia":[{"embeddable":true,"href":"https:\/\/www.speedtest.pl\/wiadomosci\/wp-json\/wp\/v2\/media\/11031"}],"wp:attachment":[{"href":"https:\/\/www.speedtest.pl\/wiadomosci\/wp-json\/wp\/v2\/media?parent=11027"}],"wp:term":[{"taxonomy":"category","embeddable":true,"href":"https:\/\/www.speedtest.pl\/wiadomosci\/wp-json\/wp\/v2\/categories?post=11027"},{"taxonomy":"post_tag","embeddable":true,"href":"https:\/\/www.speedtest.pl\/wiadomosci\/wp-json\/wp\/v2\/tags?post=11027"},{"taxonomy":"table_tags","embeddable":true,"href":"https:\/\/www.speedtest.pl\/wiadomosci\/wp-json\/wp\/v2\/table_tags?post=11027"}],"curies":[{"name":"wp","href":"https:\/\/api.w.org\/{rel}","templated":true}]}}