{"id":10372,"date":"2017-06-23T07:57:13","date_gmt":"2017-06-23T05:57:13","guid":{"rendered":"http:\/\/www.speedtest.pl\/wiadomosci\/?p=10372"},"modified":"2017-06-23T09:31:22","modified_gmt":"2017-06-23T07:31:22","slug":"kradnij-selfie-facebooka","status":"publish","type":"post","link":"https:\/\/www.speedtest.pl\/wiadomosci\/apple\/kradnij-selfie-facebooka\/","title":{"rendered":"Nie kradnij selfie z Facebooka"},"content":{"rendered":"<h4>Troch\u0119 ostatnio poruszali\u015bmy na \u0142amach naszego bloga temat wycieku danych.<\/h4>\n<p>Non stop przy tej okazji przypomina\u0142em o tym, \u017ce tak naprawd\u0119 u\u017cytkownicy sami nara\u017caj\u0105 si\u0119 na utrat\u0119 prywatno\u015bci, obna\u017caj\u0105c si\u0119 na portalach spo\u0142eczno\u015bciowych. Ci\u0119\u017cko si\u0119 z tym nie zgodzi\u0107, jak zapewne wiecie i widzieli\u015bcie nie raz. Czasami, przegl\u0105daj\u0105c \u015bciany moich znajomych, mam wra\u017cenie, \u017ce brakuje tylko raportowania z wyj\u015bcia do kibla \u2014 wybaczcie, ale inaczej tego nie nazw\u0119.<\/p>\n<h2>Szczyty w tym osi\u0105gaj\u0105 \u015bwie\u017co upieczeni rodzice.<\/h2>\n<p>Pierwsza zupka, pierwsza kupka, miliony zdj\u0119\u0107 pierwszego wystawienia j\u0119zyka. <span class=\"hiddenSpellError\">Szacun<\/span> dla tych, kt\u00f3rzy takich delikwent\u00f3w jeszcze nie zablokowali. Facebook jednak chce troszk\u0119 polepszy\u0107 nasze relacje ze swoj\u0105 platform\u0105 i postanawia do\u0142o\u017cy\u0107 stara\u0144, aby chroni\u0107 nasz\u0105 prywatno\u015b\u0107. Jest to o tyle komiczne, \u017ce ca\u0142y regulamin, na kt\u00f3ry si\u0119 zgadzamy, zak\u0142adaj\u0105c na tym serwisie konto, obdziera nas r\u00f3wno z prywatno\u015bci. W zamian za to dostaniemy funkcje, kt\u00f3re&#8230; [uwaga]&#8230; nie pozwol\u0105 na kradzie\u017c naszego <span class=\"hiddenSpellError\">selfie<\/span>.<\/p>\n<h4>Jak mo\u017cemy przeczyta\u0107 na stronie Facebook:<\/h4>\n<p><em>Zdj\u0119cie profilowe jest <a class=\"_5dwo\" href=\"https:\/\/www.facebook.com\/help\/203805466323736?helpref=faq_content\" rel=\"external nofollow\">publiczne<\/a>. Kiedy dodajesz lub zmieniasz zdj\u0119cie profilowe, udost\u0119pniamy je na kilka sposob\u00f3w:<\/em><\/p>\n<ul class=\"uiList _1_ey _4kg _6-h _6-j _6-i\">\n<li class=\"_1_ez\"><em>Na Twojej osi czasu zostanie opublikowana wzmianka o tym fakcie, kt\u00f3ra mo\u017ce pojawi\u0107 si\u0119 w Aktualno\u015bciach Twoich znajomych.<\/em><\/li>\n<li class=\"_1_ez\"><em>Zdj\u0119cie trafi do Twojego albumu Zdj\u0119cia profilowe.<\/em><\/li>\n<li class=\"_1_ez\"><em>Miniatura zdj\u0119cia b\u0119dzie widoczna przy Twoim imieniu i nazwisku w r\u00f3\u017cnych miejscach na Facebooku. Dzi\u0119ki temu znajomi mog\u0105 \u0142atwiej rozpoznawa\u0107 Twoje posty i komentarze na Facebooku.<\/em><\/li>\n<li>\n<div class=\"_4ng0\"><em>Je\u017celi dodasz do swojego profilu <a class=\"_5dwo\" href=\"https:\/\/www.facebook.com\/help\/220070894714080?helpref=faq_content\" rel=\"external nofollow\">zdj\u0119cie w tle<\/a>, b\u0119dzie ono dost\u0119pne <a class=\"_5dwo\" href=\"https:\/\/www.facebook.com\/help\/203805466323736?helpref=faq_content\" rel=\"external nofollow\">publicznie<\/a>, podobnie jak Twoje zdj\u0119cia profilowe. Innymi s\u0142owy, ka\u017cdy mo\u017ce zobaczy\u0107 Twoje aktualne zdj\u0119cie w tle.<\/em><\/div>\n<div class=\"_4ng0\"><em>Mo\u017cesz <a class=\"_5dwo\" href=\"https:\/\/www.facebook.com\/help\/215496745135618?helpref=faq_content\" rel=\"external nofollow\">dostosowa\u0107 ustawienia prywatno\u015bci<\/a> dla zdj\u0119cia, kt\u00f3re w przesz\u0142o\u015bci by\u0142o u\u017cywane jako zdj\u0119cie profilowe lub zdj\u0119cie w tle.<\/em><\/div>\n<\/li>\n<\/ul>\n<p>\u0179r\u00f3d\u0142o: <a href=\"https:\/\/www.facebook.com\/help\/193629617349922\" rel=\"external nofollow\">facebook.pl<\/a><\/p>\n<h2>Ja rozumiem, \u017ce taki precedens mo\u017ce by\u0107 problemem, ale s\u0142ysz\u0105c o tych pracach w stajni Marka <span class=\"hiddenSpellError\">Zuckerberga<\/span> ogarn\u0105\u0142 mnie niema\u0142y \u015bmie\u0107.<\/h2>\n<p>Portal, kt\u00f3ry szasta naszymi danymi osobowymi, jak \u015bcierk\u0105 do pod\u0142ogi wprowadza pozorne zabezpieczenia \u2014 brzmi to z lekka lakonicznie. Oczywi\u015bcie, wszystko po to, aby nikt nie ukrad\u0142 naszego <span class=\"hiddenSpellError\">selfie<\/span> i nie wykorzysta\u0142 go cho\u0107by, do jakich\u015b niemoralnych cel\u00f3w. Niby Facebook ma bogate ustawienia poziomu prywatno\u015bci. Powiem szczerze, \u017ce mechanizm ten jest mocno rozbudowany, ale co z tego. Zdarza si\u0119, \u017ce zdj\u0119cia umieszczone z Facebook s\u0105 indeksowane przez Google. Po wpisaniu konkretnej frazy bez problemu mo\u017cemy znale\u017a\u0107 je za pomoc\u0105 wyszukiwarki obrazem lub po imieniu i nazwisku w\u0142a\u015bciciela \u2014 wi\u0119c dla mnie na jego wychodzi. Zobaczmy jednak, jak wygl\u0105da propozycja <span class=\"hiddenSpellError\">FB<\/span> na ochron\u0119 zdj\u0119cia.<\/p>\n<h2>Jedynym wyj\u0105tkiem, kt\u00f3ry musi by\u0107 w statusie publiczne, na naszym koncie na Facebook s\u0105 imi\u0119, nazwisko, zdj\u0119cie profilowe i zdj\u0119cie w tle.<\/h2>\n<p>O ile imi\u0119 i nazwisko nie s\u0105 problemem, jako takim \u2014 zawsze mo\u017cna nazwa\u0107 profil ksywk\u0105, albo zrobi\u0107 inny myk. Niby zdj\u0119cia te\u017c dawa\u0107 nie musimy, ale&#8230; jak poznaj\u0105 nas znajomi. Pami\u0119tajmy te\u017c, \u017ce w przypadku zdj\u0119cia profilowego mo\u017cemy ukry\u0107 opis, polubienia i komentarze, ale sama fotografia zawsze jest widoczna publicznie. <span class=\"hiddenSpellError\">Ojj<\/span> smuteczek!!! W\u0142a\u015bnie dzi\u0119ki temu mo\u017cna szybko powi\u0105za\u0107 dane osobowe ze zdj\u0119ciem. Problem pojawi\u0142 si\u0119 cho\u0107by w Indiach, gdzie organizacje spo\u0142eczne w Indiach przestrzegaj\u0105 kobiety przed publikacj\u0105 swoich zdj\u0119\u0107 online. Okazuje si\u0119, \u017ce odnotowano tam wiele przypadk\u00f3w, kiedy skradzione zdj\u0119cia profilowe pojawia\u0142y si\u0119 na podejrzanych stronach erotycznych, a tak\u017ce na ulotkach o podobnych charakterze, a u\u017cytkowniczka, kt\u00f3rej skradziono zdj\u0119cie, nie by\u0142a niczego \u015bwiadoma. To w\u0142a\u015bnie przez takie sytuacje Facebook wdro\u017cy\u0142 mechanizm, kt\u00f3ry ma zapobiec takich akcjom. Jak wida\u0107 wcze\u015bniejszy pow\u00f3d, tak mo\u017cna by\u0142o si\u0119 domy\u015bli\u0107, \u017ce mechanizm dzia\u0142a na razie tylko na terenie Indii. Nowa funkcja Facebooka nazywa si\u0119 Ochron\u0105 Zdj\u0119cia Profilowego. Po jej w\u0142\u0105czeniu pojawia si\u0119 wok\u00f3\u0142 chronionego zdj\u0119cia niebieska ramka i symbol tarczy, a Facebook blokuje mo\u017cliwo\u015b\u0107 pobrania takiej fotografii.<\/p>\n<h2>Proste jak budowa cepa.<\/h2>\n<p>Od razu zapewne zapytacie, co ze screenshotami w takim momencie. I tutaj b\u0119d\u0119 musia\u0142 was mocno zaskoczy\u0107 i to pewnie pozytywnie, bo t\u0119 ewentualno\u015b\u0107 Facebook tak\u017ce wzi\u0105\u0142 to pod uwag\u0119 i robienie zrzut\u00f3w ekranu zosta\u0142o zablokowane (na razie w aplikacjach mobilnych). Nie jest to jednak \u017cadne zabezpieczenie, bo od r\u0119ki jestem w stanie to obej\u015b\u0107 i wy pewnie tak\u017ce. Facebook zablokuje mo\u017cliwo\u015b\u0107 uploadu skradzionego zdj\u0119cia profilowego w obr\u0119bie Facebooka. To akurat ciekawa funkcja, bo dzi\u0119ki temu nie dostaniemy fake konta na klat\u0119 na wej\u015bcie. Pomy\u015blano tak\u017ce o ochronie zdj\u0119cia profilowego ju\u017c poza kontem Facebook. Tutaj zosta\u0142em naprawd\u0119 mile zaskoczony. Jest to takie ma\u0142o Zuckerbergowe zachowaniu, dlatego tym bardziej intryguje. Facebook wprowadzi\u0142 mo\u017cliwo\u015b\u0107 dodania do zdj\u0119cia znaku wodnego. Wed\u0142ug tw\u00f3rc\u00f3w powinno to zniech\u0119ci\u0107 z\u0142odziei. Jest w tym troch\u0119 prawdy, ale nie na ka\u017cdego to zadzia\u0142a.<\/p>\n<h2>Znak wodny mo\u017cemy doda\u0107 podczas edycji zdj\u0119cia na Facebooku.<\/h2>\n<p>Ci\u0119\u017cko mi si\u0119 jako\u015b konkretnie ustosunkowa\u0107 do zmian, jakie wprowadzi\u0142 gigant spo\u0142eczno\u015bciowy. Nie, \u017cebym by\u0142 im przeciwny. Uwa\u017cam, \u017ce s\u0105 fajne, ciekawe i bardzo potrzebne, tylko boje si\u0119, \u017ce nic specjalnie nie dadz\u0105. Ten, kto b\u0119dzie chcia\u0142 i tak znajdzie spos\u00f3b na kradzie\u017c zdj\u0119cia profilowego. Co wi\u0119cej, jestem w stanie pokusi\u0107 si\u0119 o stwierdzenie, \u017ce zdj\u0119cia z Facebook i tak wyciekaj\u0105 i to takie, kt\u00f3re obj\u0119te s\u0105 doz\u0105 prywatno\u015bci i przeznaczone s\u0105 dla konkretnych grup znajomych. Tak\u017ce wprowadzenie takich mechanizm\u00f3w nie za\u0142ata tego, co zepsute zosta\u0142o gdzie\u015b pod spodem. My\u015bl\u0119, \u017ce lepszym rozwi\u0105zaniem by\u0142oby sprywatyzowanie zdj\u0119cia profilowego i ustawienie publicznie anonimowego avatarka. Co\u015b a&#8217;la dwa avatary \u2014 publiczny i prywatny. Co wi\u0119cej, okazuje si\u0119, \u017ce przecie\u017c do kradzie\u017cy zdj\u0119\u0107 profilowych dochodzi tak\u017ce w\u015br\u00f3d znajomych na Facebook. Ciekaw jestem, czy takie akcje Facebook jest w stanie zablokowa\u0107. Dop\u00f3ki my nie zadbamy o nasza prywatno\u015b\u0107, to my\u015bl\u0119, \u017ce nie mamy co liczy\u0107 na pomoc ze strony gigant\u00f3w rynku IT.<\/p>\n<p>&nbsp;<\/p>\n","protected":false},"excerpt":{"rendered":"<p>Troch\u0119 ostatnio poruszali\u015bmy na \u0142amach naszego bloga temat wycieku danych. Non stop przy tej okazji przypomina\u0142em o tym, \u017ce tak naprawd\u0119 u\u017cytkownicy sami nara\u017caj\u0105 si\u0119 na utrat\u0119 prywatno\u015bci, obna\u017caj\u0105c si\u0119 na portalach spo\u0142eczno\u015bciowych. Ci\u0119\u017cko si\u0119 z tym nie zgodzi\u0107, jak zapewne wiecie i widzieli\u015bcie nie raz. Czasami, przegl\u0105daj\u0105c \u015bciany moich znajomych, mam wra\u017cenie, \u017ce brakuje [&hellip;]<\/p>\n","protected":false},"author":12,"featured_media":10375,"comment_status":"open","ping_status":"open","sticky":false,"template":"","format":"standard","meta":{"jetpack_post_was_ever_published":false,"_jetpack_newsletter_access":"","_jetpack_dont_email_post_to_subs":false,"_jetpack_newsletter_tier_id":0,"_jetpack_memberships_contains_paywalled_content":false,"_jetpack_memberships_contains_paid_content":false,"footnotes":"","jetpack_publicize_message":"Zwi\u0119kszenie prywatno\u015bci na #Facebook? Nie s\u0105dz\u0119! Ale nie b\u0119dzie mo\u017cna pobiera\u0107 naszych selfie.","jetpack_publicize_feature_enabled":true,"jetpack_social_post_already_shared":true,"jetpack_social_options":{"image_generator_settings":{"template":"highway","enabled":false},"version":2}},"categories":[331,569,253],"tags":[137,503,2315,2316],"table_tags":[],"class_list":["post-10372","post","type-post","status-publish","format-standard","has-post-thumbnail","hentry","category-android","category-apple","category-polecane","tag-facebook","tag-prywatnosc","tag-zdjecia-profilowe","tag-znak-wodny"],"jetpack_publicize_connections":[],"yoast_head":"<!-- This site is optimized with the Yoast SEO plugin v24.8.1 - https:\/\/yoast.com\/wordpress\/plugins\/seo\/ -->\n<title>Nie kradnij selfie z Facebooka - SpeedTest.pl Wiadomo\u015bci<\/title>\n<meta name=\"robots\" content=\"index, follow, max-snippet:-1, max-image-preview:large, max-video-preview:-1\" \/>\n<link rel=\"canonical\" href=\"https:\/\/www.speedtest.pl\/wiadomosci\/apple\/kradnij-selfie-facebooka\/\" \/>\n<meta property=\"og:locale\" content=\"pl_PL\" \/>\n<meta property=\"og:type\" content=\"article\" \/>\n<meta property=\"og:title\" content=\"Nie kradnij selfie z Facebooka - SpeedTest.pl Wiadomo\u015bci\" \/>\n<meta property=\"og:description\" content=\"Troch\u0119 ostatnio poruszali\u015bmy na \u0142amach naszego bloga temat wycieku danych. Non stop przy tej okazji przypomina\u0142em o tym, \u017ce tak naprawd\u0119 u\u017cytkownicy sami nara\u017caj\u0105 si\u0119 na utrat\u0119 prywatno\u015bci, obna\u017caj\u0105c si\u0119 na portalach spo\u0142eczno\u015bciowych. Ci\u0119\u017cko si\u0119 z tym nie zgodzi\u0107, jak zapewne wiecie i widzieli\u015bcie nie raz. Czasami, przegl\u0105daj\u0105c \u015bciany moich znajomych, mam wra\u017cenie, \u017ce brakuje [&hellip;]\" \/>\n<meta property=\"og:url\" content=\"https:\/\/www.speedtest.pl\/wiadomosci\/apple\/kradnij-selfie-facebooka\/\" \/>\n<meta property=\"og:site_name\" content=\"SpeedTest.pl Wiadomo\u015bci\" \/>\n<meta property=\"article:publisher\" content=\"https:\/\/www.facebook.com\/speedtestpl\/\" \/>\n<meta property=\"article:published_time\" content=\"2017-06-23T05:57:13+00:00\" \/>\n<meta property=\"article:modified_time\" content=\"2017-06-23T07:31:22+00:00\" \/>\n<meta property=\"og:image\" content=\"https:\/\/www.speedtest.pl\/wiadomosci\/wp-content\/uploads\/2017\/06\/selfie-465563_1280.jpg\" \/>\n\t<meta property=\"og:image:width\" content=\"1280\" \/>\n\t<meta property=\"og:image:height\" content=\"851\" \/>\n\t<meta property=\"og:image:type\" content=\"image\/jpeg\" \/>\n<meta name=\"author\" content=\"PJ\" \/>\n<meta name=\"twitter:card\" content=\"summary_large_image\" \/>\n<meta name=\"twitter:creator\" content=\"@speedtestpl\" \/>\n<meta name=\"twitter:site\" content=\"@speedtestpl\" \/>\n<meta name=\"twitter:label1\" content=\"Napisane przez\" \/>\n\t<meta name=\"twitter:data1\" content=\"PJ\" \/>\n\t<meta name=\"twitter:label2\" content=\"Szacowany czas czytania\" \/>\n\t<meta name=\"twitter:data2\" content=\"5 minut\" \/>\n<script type=\"application\/ld+json\" class=\"yoast-schema-graph\">{\"@context\":\"https:\/\/schema.org\",\"@graph\":[{\"@type\":\"WebPage\",\"@id\":\"https:\/\/www.speedtest.pl\/wiadomosci\/apple\/kradnij-selfie-facebooka\/\",\"url\":\"https:\/\/www.speedtest.pl\/wiadomosci\/apple\/kradnij-selfie-facebooka\/\",\"name\":\"Nie kradnij selfie z Facebooka - SpeedTest.pl Wiadomo\u015bci\",\"isPartOf\":{\"@id\":\"https:\/\/www.speedtest.pl\/wiadomosci\/#website\"},\"primaryImageOfPage\":{\"@id\":\"https:\/\/www.speedtest.pl\/wiadomosci\/apple\/kradnij-selfie-facebooka\/#primaryimage\"},\"image\":{\"@id\":\"https:\/\/www.speedtest.pl\/wiadomosci\/apple\/kradnij-selfie-facebooka\/#primaryimage\"},\"thumbnailUrl\":\"https:\/\/www.speedtest.pl\/wiadomosci\/wp-content\/uploads\/2017\/06\/selfie-465563_1280.jpg\",\"datePublished\":\"2017-06-23T05:57:13+00:00\",\"dateModified\":\"2017-06-23T07:31:22+00:00\",\"author\":{\"@id\":\"https:\/\/www.speedtest.pl\/wiadomosci\/#\/schema\/person\/1e51a1178096c8851f7d3ab0575726e4\"},\"breadcrumb\":{\"@id\":\"https:\/\/www.speedtest.pl\/wiadomosci\/apple\/kradnij-selfie-facebooka\/#breadcrumb\"},\"inLanguage\":\"pl-PL\",\"potentialAction\":[{\"@type\":\"ReadAction\",\"target\":[\"https:\/\/www.speedtest.pl\/wiadomosci\/apple\/kradnij-selfie-facebooka\/\"]}]},{\"@type\":\"ImageObject\",\"inLanguage\":\"pl-PL\",\"@id\":\"https:\/\/www.speedtest.pl\/wiadomosci\/apple\/kradnij-selfie-facebooka\/#primaryimage\",\"url\":\"https:\/\/www.speedtest.pl\/wiadomosci\/wp-content\/uploads\/2017\/06\/selfie-465563_1280.jpg\",\"contentUrl\":\"https:\/\/www.speedtest.pl\/wiadomosci\/wp-content\/uploads\/2017\/06\/selfie-465563_1280.jpg\",\"width\":1280,\"height\":851,\"caption\":\"facebook, zdj\u0119cia profilowe, prywatno\u015b\u0107, znak wodny\"},{\"@type\":\"BreadcrumbList\",\"@id\":\"https:\/\/www.speedtest.pl\/wiadomosci\/apple\/kradnij-selfie-facebooka\/#breadcrumb\",\"itemListElement\":[{\"@type\":\"ListItem\",\"position\":1,\"name\":\"Strona g\u0142\u00f3wna\",\"item\":\"https:\/\/www.speedtest.pl\/wiadomosci\/\"},{\"@type\":\"ListItem\",\"position\":2,\"name\":\"Nie kradnij selfie z Facebooka\"}]},{\"@type\":\"WebSite\",\"@id\":\"https:\/\/www.speedtest.pl\/wiadomosci\/#website\",\"url\":\"https:\/\/www.speedtest.pl\/wiadomosci\/\",\"name\":\"SpeedTest.pl Wiadomo\u015bci\",\"description\":\"Rankingi ISP, newsy i opinie ze \u015bwiata IT, recenzje sprz\u0119tu, gry, motoryzacja\",\"potentialAction\":[{\"@type\":\"SearchAction\",\"target\":{\"@type\":\"EntryPoint\",\"urlTemplate\":\"https:\/\/www.speedtest.pl\/wiadomosci\/?s={search_term_string}\"},\"query-input\":{\"@type\":\"PropertyValueSpecification\",\"valueRequired\":true,\"valueName\":\"search_term_string\"}}],\"inLanguage\":\"pl-PL\"},{\"@type\":\"Person\",\"@id\":\"https:\/\/www.speedtest.pl\/wiadomosci\/#\/schema\/person\/1e51a1178096c8851f7d3ab0575726e4\",\"name\":\"PJ\",\"image\":{\"@type\":\"ImageObject\",\"inLanguage\":\"pl-PL\",\"@id\":\"https:\/\/www.speedtest.pl\/wiadomosci\/#\/schema\/person\/image\/\",\"url\":\"https:\/\/www.speedtest.pl\/wiadomosci\/wp-content\/uploads\/2018\/01\/AAEAAQAAAAAAAAk2AAAAJDNhNWRlODdhLWY3MjYtNGFjNC04MzY1LTI1Zjc4NmI4YmE0OQ-150x150.jpg\",\"contentUrl\":\"https:\/\/www.speedtest.pl\/wiadomosci\/wp-content\/uploads\/2018\/01\/AAEAAQAAAAAAAAk2AAAAJDNhNWRlODdhLWY3MjYtNGFjNC04MzY1LTI1Zjc4NmI4YmE0OQ-150x150.jpg\",\"caption\":\"PJ\"},\"description\":\"Przemek jest m\u00f3zgiem operacyjnym SpeedTest.pl. Studiowa\u0142 na Politechnice Wroc\u0142awskiej elektronik\u0119 i telekomunikacj\u0119. Zarz\u0105dza projektami IT, relacjami z klientami oraz nadzoruje procesy rozwoju. Prywatnie zaanga\u017cowany w rodzin\u0119, wsparcie r\u00f3\u017cnych dzia\u0142alno\u015bci charytatywnych i projekty ekstremalne.\",\"url\":\"https:\/\/www.speedtest.pl\/wiadomosci\/author\/przemek\/\"}]}<\/script>\n<!-- \/ Yoast SEO plugin. -->","yoast_head_json":{"title":"Nie kradnij selfie z Facebooka - SpeedTest.pl Wiadomo\u015bci","robots":{"index":"index","follow":"follow","max-snippet":"max-snippet:-1","max-image-preview":"max-image-preview:large","max-video-preview":"max-video-preview:-1"},"canonical":"https:\/\/www.speedtest.pl\/wiadomosci\/apple\/kradnij-selfie-facebooka\/","og_locale":"pl_PL","og_type":"article","og_title":"Nie kradnij selfie z Facebooka - SpeedTest.pl Wiadomo\u015bci","og_description":"Troch\u0119 ostatnio poruszali\u015bmy na \u0142amach naszego bloga temat wycieku danych. Non stop przy tej okazji przypomina\u0142em o tym, \u017ce tak naprawd\u0119 u\u017cytkownicy sami nara\u017caj\u0105 si\u0119 na utrat\u0119 prywatno\u015bci, obna\u017caj\u0105c si\u0119 na portalach spo\u0142eczno\u015bciowych. Ci\u0119\u017cko si\u0119 z tym nie zgodzi\u0107, jak zapewne wiecie i widzieli\u015bcie nie raz. Czasami, przegl\u0105daj\u0105c \u015bciany moich znajomych, mam wra\u017cenie, \u017ce brakuje [&hellip;]","og_url":"https:\/\/www.speedtest.pl\/wiadomosci\/apple\/kradnij-selfie-facebooka\/","og_site_name":"SpeedTest.pl Wiadomo\u015bci","article_publisher":"https:\/\/www.facebook.com\/speedtestpl\/","article_published_time":"2017-06-23T05:57:13+00:00","article_modified_time":"2017-06-23T07:31:22+00:00","og_image":[{"width":1280,"height":851,"url":"https:\/\/www.speedtest.pl\/wiadomosci\/wp-content\/uploads\/2017\/06\/selfie-465563_1280.jpg","type":"image\/jpeg"}],"author":"PJ","twitter_card":"summary_large_image","twitter_creator":"@speedtestpl","twitter_site":"@speedtestpl","twitter_misc":{"Napisane przez":"PJ","Szacowany czas czytania":"5 minut"},"schema":{"@context":"https:\/\/schema.org","@graph":[{"@type":"WebPage","@id":"https:\/\/www.speedtest.pl\/wiadomosci\/apple\/kradnij-selfie-facebooka\/","url":"https:\/\/www.speedtest.pl\/wiadomosci\/apple\/kradnij-selfie-facebooka\/","name":"Nie kradnij selfie z Facebooka - SpeedTest.pl Wiadomo\u015bci","isPartOf":{"@id":"https:\/\/www.speedtest.pl\/wiadomosci\/#website"},"primaryImageOfPage":{"@id":"https:\/\/www.speedtest.pl\/wiadomosci\/apple\/kradnij-selfie-facebooka\/#primaryimage"},"image":{"@id":"https:\/\/www.speedtest.pl\/wiadomosci\/apple\/kradnij-selfie-facebooka\/#primaryimage"},"thumbnailUrl":"https:\/\/www.speedtest.pl\/wiadomosci\/wp-content\/uploads\/2017\/06\/selfie-465563_1280.jpg","datePublished":"2017-06-23T05:57:13+00:00","dateModified":"2017-06-23T07:31:22+00:00","author":{"@id":"https:\/\/www.speedtest.pl\/wiadomosci\/#\/schema\/person\/1e51a1178096c8851f7d3ab0575726e4"},"breadcrumb":{"@id":"https:\/\/www.speedtest.pl\/wiadomosci\/apple\/kradnij-selfie-facebooka\/#breadcrumb"},"inLanguage":"pl-PL","potentialAction":[{"@type":"ReadAction","target":["https:\/\/www.speedtest.pl\/wiadomosci\/apple\/kradnij-selfie-facebooka\/"]}]},{"@type":"ImageObject","inLanguage":"pl-PL","@id":"https:\/\/www.speedtest.pl\/wiadomosci\/apple\/kradnij-selfie-facebooka\/#primaryimage","url":"https:\/\/www.speedtest.pl\/wiadomosci\/wp-content\/uploads\/2017\/06\/selfie-465563_1280.jpg","contentUrl":"https:\/\/www.speedtest.pl\/wiadomosci\/wp-content\/uploads\/2017\/06\/selfie-465563_1280.jpg","width":1280,"height":851,"caption":"facebook, zdj\u0119cia profilowe, prywatno\u015b\u0107, znak wodny"},{"@type":"BreadcrumbList","@id":"https:\/\/www.speedtest.pl\/wiadomosci\/apple\/kradnij-selfie-facebooka\/#breadcrumb","itemListElement":[{"@type":"ListItem","position":1,"name":"Strona g\u0142\u00f3wna","item":"https:\/\/www.speedtest.pl\/wiadomosci\/"},{"@type":"ListItem","position":2,"name":"Nie kradnij selfie z Facebooka"}]},{"@type":"WebSite","@id":"https:\/\/www.speedtest.pl\/wiadomosci\/#website","url":"https:\/\/www.speedtest.pl\/wiadomosci\/","name":"SpeedTest.pl Wiadomo\u015bci","description":"Rankingi ISP, newsy i opinie ze \u015bwiata IT, recenzje sprz\u0119tu, gry, motoryzacja","potentialAction":[{"@type":"SearchAction","target":{"@type":"EntryPoint","urlTemplate":"https:\/\/www.speedtest.pl\/wiadomosci\/?s={search_term_string}"},"query-input":{"@type":"PropertyValueSpecification","valueRequired":true,"valueName":"search_term_string"}}],"inLanguage":"pl-PL"},{"@type":"Person","@id":"https:\/\/www.speedtest.pl\/wiadomosci\/#\/schema\/person\/1e51a1178096c8851f7d3ab0575726e4","name":"PJ","image":{"@type":"ImageObject","inLanguage":"pl-PL","@id":"https:\/\/www.speedtest.pl\/wiadomosci\/#\/schema\/person\/image\/","url":"https:\/\/www.speedtest.pl\/wiadomosci\/wp-content\/uploads\/2018\/01\/AAEAAQAAAAAAAAk2AAAAJDNhNWRlODdhLWY3MjYtNGFjNC04MzY1LTI1Zjc4NmI4YmE0OQ-150x150.jpg","contentUrl":"https:\/\/www.speedtest.pl\/wiadomosci\/wp-content\/uploads\/2018\/01\/AAEAAQAAAAAAAAk2AAAAJDNhNWRlODdhLWY3MjYtNGFjNC04MzY1LTI1Zjc4NmI4YmE0OQ-150x150.jpg","caption":"PJ"},"description":"Przemek jest m\u00f3zgiem operacyjnym SpeedTest.pl. Studiowa\u0142 na Politechnice Wroc\u0142awskiej elektronik\u0119 i telekomunikacj\u0119. Zarz\u0105dza projektami IT, relacjami z klientami oraz nadzoruje procesy rozwoju. Prywatnie zaanga\u017cowany w rodzin\u0119, wsparcie r\u00f3\u017cnych dzia\u0142alno\u015bci charytatywnych i projekty ekstremalne.","url":"https:\/\/www.speedtest.pl\/wiadomosci\/author\/przemek\/"}]}},"jetpack_featured_media_url":"https:\/\/www.speedtest.pl\/wiadomosci\/wp-content\/uploads\/2017\/06\/selfie-465563_1280.jpg","jetpack_sharing_enabled":true,"jetpack_shortlink":"https:\/\/wp.me\/p85ce0-2Hi","_links":{"self":[{"href":"https:\/\/www.speedtest.pl\/wiadomosci\/wp-json\/wp\/v2\/posts\/10372","targetHints":{"allow":["GET"]}}],"collection":[{"href":"https:\/\/www.speedtest.pl\/wiadomosci\/wp-json\/wp\/v2\/posts"}],"about":[{"href":"https:\/\/www.speedtest.pl\/wiadomosci\/wp-json\/wp\/v2\/types\/post"}],"author":[{"embeddable":true,"href":"https:\/\/www.speedtest.pl\/wiadomosci\/wp-json\/wp\/v2\/users\/12"}],"replies":[{"embeddable":true,"href":"https:\/\/www.speedtest.pl\/wiadomosci\/wp-json\/wp\/v2\/comments?post=10372"}],"version-history":[{"count":1,"href":"https:\/\/www.speedtest.pl\/wiadomosci\/wp-json\/wp\/v2\/posts\/10372\/revisions"}],"predecessor-version":[{"id":10376,"href":"https:\/\/www.speedtest.pl\/wiadomosci\/wp-json\/wp\/v2\/posts\/10372\/revisions\/10376"}],"wp:featuredmedia":[{"embeddable":true,"href":"https:\/\/www.speedtest.pl\/wiadomosci\/wp-json\/wp\/v2\/media\/10375"}],"wp:attachment":[{"href":"https:\/\/www.speedtest.pl\/wiadomosci\/wp-json\/wp\/v2\/media?parent=10372"}],"wp:term":[{"taxonomy":"category","embeddable":true,"href":"https:\/\/www.speedtest.pl\/wiadomosci\/wp-json\/wp\/v2\/categories?post=10372"},{"taxonomy":"post_tag","embeddable":true,"href":"https:\/\/www.speedtest.pl\/wiadomosci\/wp-json\/wp\/v2\/tags?post=10372"},{"taxonomy":"table_tags","embeddable":true,"href":"https:\/\/www.speedtest.pl\/wiadomosci\/wp-json\/wp\/v2\/table_tags?post=10372"}],"curies":[{"name":"wp","href":"https:\/\/api.w.org\/{rel}","templated":true}]}}